{"id":638,"date":"2025-04-08T15:15:51","date_gmt":"2025-04-08T15:15:51","guid":{"rendered":"https:\/\/ciekawy.blog\/?p=638"},"modified":"2025-04-09T14:44:50","modified_gmt":"2025-04-09T14:44:50","slug":"zielony-lad-ekolodzy-i-pieniadze-sprawa-ktora-moze-wstrzasnac-bruksela","status":"publish","type":"post","link":"https:\/\/ciekawy.blog\/index.php\/2025\/04\/08\/zielony-lad-ekolodzy-i-pieniadze-sprawa-ktora-moze-wstrzasnac-bruksela\/","title":{"rendered":"Zielony \u0141ad, ekolodzy i pieni\u0105dze. Sprawa, kt\u00f3ra mo\u017ce wstrz\u0105sn\u0105\u0107 Bruksel\u0105"},"content":{"rendered":"\n<p><strong>W Brukseli rozkr\u0119ca si\u0119 skandal \u2013 lub jak chc\u0105 inni \u201etak zwany skandal\u201d. Ten jest zwi\u0105zany z tym, \u017ce Komisja Europejska mia\u0142a wspiera\u0107 finansowo jedn\u0105 z organizacji pozarz\u0105dowych, by ta lobbowa\u0142a za zaostrzeniem Zielonego \u0141adu. G\u0142osowano ju\u017c nad wstrzymaniem finansowania organizacji pozarz\u0105dowych w ramach jednego z kluczowych ekologicznych program\u00f3w Unii Europejskiej. Pojawiaj\u0105 si\u0119 te\u017c wezwania do powo\u0142ania komisji \u015bledczej. A afera jest rozwojowa.<\/strong><\/p>\n\n\n\n<!--more-->\n\n\n\n<p>Sprawa zacz\u0119\u0142a si\u0119 od tego, \u017ce jedna z um\u00f3w zwi\u0105zanych ze wsparciem finansowym dla organizacji pozarz\u0105dowej, kt\u00f3ra nazywa si\u0119 European Environmental Bureau, trafi\u0142a do dziennikarzy. Ta nazwa na polski t\u0142umaczy\u0142aby si\u0119 mniej wi\u0119cej jako <strong>Europejskie Biuro Ochrony \u015arodowiska<\/strong>. I jest to wa\u017cne. O czym jednak za moment.<\/p>\n\n\n\n<p>Zacz\u0105\u0107 trzeba bowiem od wspomnianej umowy. W tej wed\u0142ug relacji holenderskiej gazety \u201eDe Telegraaf\u201d zielona organizacja zobowi\u0105zywa\u0142a si\u0119 do wykorzystania finansowania tak, by zrealizowa\u0107 okre\u015blone cele. W tym wypadku by\u0142o nimi doprowadzenie do zaostrzenia co najmniej <strong>16 polityk Europejskiego Zielonego \u0141adu<\/strong>.<\/p>\n\n\n\n<p>Politycy, kt\u00f3rzy si\u0119 temu przyjrzeli, twierdz\u0105, \u017ce odkryli nawet &nbsp;list\u0119 europos\u0142\u00f3w, kt\u00f3rych EEB mia\u0142o lobbowa\u0107 w ramach unijnego projektu. Za pieni\u0105dze Komisji \u2013 zgodnie z t\u0105 relacj\u0105 \u2013 przekonuj\u0105c, by ci zaostrzali ekologiczn\u0105 polityk\u0119 Unii Europejskiej.<\/p>\n\n\n\n<p><\/p>\n\n\n\n<figure class=\"wp-block-embed is-type-video is-provider-tiktok wp-block-embed-tiktok\"><div class=\"wp-block-embed__wrapper\">\n<blockquote class=\"tiktok-embed\" cite=\"https:\/\/www.tiktok.com\/@swiatlonasprawy\/video\/7491007054589496598\" data-video-id=\"7491007054589496598\" data-embed-from=\"oembed\" style=\"max-width:605px; min-width:325px;\"> <section> <a target=\"_blank\" title=\"@swiatlonasprawy\" href=\"https:\/\/www.tiktok.com\/@swiatlonasprawy?refer=embed\">@swiatlonasprawy<\/a> <p>Jakie dzia\u0142ania wspieraj\u0105 organizacje zwi\u0105zane z polityk\u0105 klimatyczn\u0105 w UE? I kto je finansuje? Warto przyjrze\u0107 si\u0119 uwa\u017cniej. <a title=\"\u015bwiat\u0142onasprawy\" target=\"_blank\" href=\"https:\/\/www.tiktok.com\/tag\/%C5%9Bwiat%C5%82onasprawy?refer=embed\">#\u015awiat\u0142oNaSprawy<\/a>  <a title=\"zielony\u0142ad\" target=\"_blank\" href=\"https:\/\/www.tiktok.com\/tag\/zielony%C5%82ad?refer=embed\">#Zielony\u0141ad<\/a>   <a title=\"tiktokedukacja\" target=\"_blank\" href=\"https:\/\/www.tiktok.com\/tag\/tiktokedukacja?refer=embed\">#TikTokEdukacja<\/a>  <a title=\"zobaczinaczej\" target=\"_blank\" href=\"https:\/\/www.tiktok.com\/tag\/zobaczinaczej?refer=embed\">#ZobaczInaczej<\/a>  <a title=\"politykaue\" target=\"_blank\" href=\"https:\/\/www.tiktok.com\/tag\/politykaue?refer=embed\">#PolitykaUE<\/a> <a title=\"pieniadze\" target=\"_blank\" href=\"https:\/\/www.tiktok.com\/tag\/pieniadze?refer=embed\">#pieniadze<\/a> <\/p> <a target=\"_blank\" title=\"\u266c d\u017awi\u0119k oryginalny - \u015awiat\u0142o na Sprawy\" href=\"https:\/\/www.tiktok.com\/music\/d\u017awi\u0119k-oryginalny-7491007062640429846?refer=embed\">\u266c d\u017awi\u0119k oryginalny &#8211; \u015awiat\u0142o na Sprawy<\/a> <\/section> <\/blockquote> <script async src=\"https:\/\/www.tiktok.com\/embed.js\"><\/script>\n<\/div><\/figure>\n\n\n\n<p><\/p>\n\n\n\n<h2 class=\"wp-block-heading\">Walka o Planet\u0119 czy manipulacja?<\/h2>\n\n\n\n<p>W ocenie tej sytuacji zderzaj\u0105 si\u0119 dwa stanowiska. Jedno prezentowane przez liberaln\u0105 cz\u0119\u015b\u0107 europejskiego <em>establishmentu<\/em> oraz zaanga\u017cowane w ni\u0105 organizacje, m\u00f3wi, \u017ce nie ma tutaj nic niew\u0142a\u015bciwego. Dosz\u0142o co najwy\u017cej do zbiegu interes\u00f3w, w kt\u00f3rym ludzie walcz\u0105cy z wielkim biznesem o bardziej zielon\u0105 polityk\u0119, otrzymali od Komisji Europejskiej wsparcie, poniewa\u017c ta i tak by\u0142a zobowi\u0105zana do jego udzielania.<\/p>\n\n\n\n<p>Takie podej\u015bcie potwierdzi\u0142 zreszt\u0105 Europejski Trybuna\u0142 Obrachunkowy, kt\u00f3ry przyjrza\u0142 si\u0119 sprawie i poinformowa\u0142, \u017ce brak dowod\u00f3w na niew\u0142a\u015bciwe lub nielegalne dzia\u0142ania. Zaleci\u0142 jednak popraw\u0119 przejrzysto\u015bci finansowania NGO w Unii Europejskiej.<\/p>\n\n\n\n<p>W tej wersji wszystko jest wi\u0119c ca\u0142kowicie w porz\u0105dku, a ca\u0142o\u015b\u0107 opiera\u0142a si\u0119 po prostu o zbieg interes\u00f3w organizacji pozarz\u0105dowych oraz post\u0119powych europejskich polityk\u00f3w. Jedynym wygranym jest w tej opowie\u015bci planeta, kt\u00f3rej pomog\u0142y odpowiedzialne decyzje.<\/p>\n\n\n\n<p>Ale nie jest to opowie\u015b\u0107 jedyna.<\/p>\n\n\n\n<p>Ani dziennikarze, kt\u00f3rzy spraw\u0119 nag\u0142o\u015bnili, ani politycy, kt\u00f3rzy postanowili si\u0119 jej przyjrze\u0107, nie odebrali tego w taki spos\u00f3b. Uznano raczej, \u017ce Franz Timmermans p\u0142aci\u0142 z publicznych pieni\u0119dzy organizacjom ekologicznym za przepychanie w\u0142asnych polityk w taki spos\u00f3b, \u017ceby nikt nie wiedzia\u0142, \u017ce to on za tym stoi. A tak\u017ce, \u017ce robiono to wszystko w spos\u00f3b nieetyczny, poniewa\u017c parlamentarzy\u015bci, kt\u00f3rych miano \u201elobbowa\u0107\u201d, my\u015bleli, \u017ce to rozmowy z troskliwymi obywatelami, a nie przedstawicielami organizacji, kt\u00f3ra ma \u201edowie\u017a\u0107\u201d cele z unijnego projektu.&nbsp; A to oczywi\u015bcie powodowa\u0142o, \u017ce podchodzili do nich inaczej ni\u017c do rozm\u00f3w z politykami.<\/p>\n\n\n\n<p>Politycy, na kt\u00f3rych wywierano wp\u0142yw w ten spos\u00f3b, poczuli si\u0119 wi\u0119c oszukani. To doprowadzi\u0142o do wybuchu sporej i rozwojowej afery. Nie tylko za spraw\u0105 polityk\u00f3w z nowej prawicy, ale te\u017c tych centrowych &#8211; skupionych w Europejskiej Partii Ludowej, do kt\u00f3rej nale\u017cy cho\u0107by Platforma Obywatelska. Zreszt\u0105 w\u015br\u00f3d os\u00f3b przyznaj\u0105cych, \u017ce by\u0142o to niew\u0142a\u015bciwe, znalaz\u0142 si\u0119 r\u00f3wnie\u017c polski komisarz Piotr Serafin.<\/p>\n\n\n\n<p>G\u0142o\u015bno grzmi\u0105 te\u017c jego koledzy z europejskiej frakcji politycznej.<\/p>\n\n\n\n<h2 class=\"wp-block-heading\">Nowa prawica wskoczy na fal\u0119<\/h2>\n\n\n\n<p>Dot\u0105d by\u0142o ju\u017c g\u0142osowanie w komisji Parlamentu Europejskiego, w kt\u00f3rym chciano zablokowa\u0107 przekazywanie \u015brodk\u00f3w organizacjom pozarz\u0105dowym w ramach programu LIFE (to kluczowy unijny program finansuj\u0105cy dzia\u0142ania na rzecz ochrony \u015brodowiska i klimatu, kt\u00f3ry wspiera zar\u00f3wno instytucje publiczne, jak i organizacje pozarz\u0105dowe<strong>.<\/strong> Jego celem jest wdra\u017canie polityk UE w tych obszarach, m.in. poprzez dotacje na projekty zwi\u0105zane z bior\u00f3\u017cnorodno\u015bci\u0105, energi\u0105 czy zr\u00f3wnowa\u017conym rozwojem). By\u0142 te\u017c pomys\u0142 powo\u0142ania komisji \u015bledczej do wyja\u015bnienia w\u0105tpliwo\u015bci. To pierwsze przepad\u0142o w g\u0142osowaniu, ale tylko jednym g\u0142osem \u2013 co pokazuje jak du\u017ce emocje budzi sprawa. Komisji \u015bledczej te\u017c na razie nie b\u0119dzie, jednak i tu sytuacja jest dynamiczna.<\/p>\n\n\n\n<p>Afera jeszcze na dobre nie dotar\u0142a do Polski, ale raczej dotrze. Cho\u0107by dlatego, \u017ce ustalenia \u201eDe Telegraaf\u201d wpisuj\u0105 si\u0119 w w\u0105tpliwo\u015bci dotycz\u0105ce realizacji zielonych polityk oraz styku organizacji pozarz\u0105dowych i w\u0142adzy, kt\u00f3re od lat podnosz\u0105 politycy rosn\u0105cej w si\u0142\u0119 nowej prawicy. A ta ma narz\u0119dzia i mo\u017cliwo\u015bci, by nie da\u0107 zgin\u0105\u0107 tematowi. B\u0119dzie chcia\u0142a z nich skorzysta\u0107. Zw\u0142aszcza, \u017ce ka\u017cde g\u0142osowanie w Parlamencie, kt\u00f3re buduje wra\u017cenie, \u017ce sprawa jest zamiatana pod dywan, zwi\u0119ksza towarzysz\u0105ce mu emocje. Do tego sprawa robi si\u0119 ciekawsza, kiedy przyjrze\u0107 si\u0119 European Environmental Bureau.<\/p>\n\n\n\n<p>&nbsp;I temu za czym ta organizacja lobbuje.<\/p>\n\n\n\n<h2 class=\"wp-block-heading\">Atom szkodzi klimatowi!?<\/h2>\n\n\n\n<p>Samo Europejskie Biuro Ochrony \u015arodowiska odpowiedzia\u0142o na zarzuty seri\u0105 stanowisk, artyku\u0142\u00f3w oraz post\u00f3w w mediach spo\u0142eczno\u015bciowych. W tych s\u0142owa autorytaryzm, demokracja i wielki biznes s\u0105 odmieniane przez wszystkie przypadki. A ca\u0142a sprawa jest przedstawiana jako atak na spo\u0142ecznik\u00f3w, kt\u00f3rzy tocz\u0105 nier\u00f3wn\u0105 walk\u0119 z wielkim biznesem. Stanowiska m\u00f3wi\u0105 wi\u0119c o \u201etak zwanym skandalu\u201d, \u201efa\u0142szywym skandalu\u201d i \u201edezinformacji\u201d.&nbsp; &#8211; Jako przedstawiciele organizacji spo\u0142ecze\u0144stwa obywatelskiego, naszym zadaniem jest wspieranie procesu tworzenia polityk poprzez dostarczanie dowod\u00f3w naukowych oraz perspektywy obywateli \u2013 pisa\u0142 jego szef Patrick ten Brink.<\/p>\n\n\n\n<p>I jest to zrozumia\u0142e. Z tym, \u017ce do dzia\u0142a\u0144 jego organizacji mo\u017cna mie\u0107 zastrze\u017cenia. Pierwsze z nich dotyczy samej jej nazwy oraz wykorzystywanej identyfikacji graficznej. Wszystko wygl\u0105da tutaj tak, jakby European Environmental Bureau by\u0142o instytucj\u0105 unijn\u0105. Kt\u00f3r\u0105 nie jest. I trudno uwierzy\u0107, by by\u0142 to przypadek. Nietrudno si\u0119 pomyli\u0107 \u2013 sam kilka lat temu zapisa\u0142em si\u0119 do ich<em> newslettera<\/em>, przekonany, \u017ce to oficjalny kana\u0142 informacyjny Unii E. Zorientowa\u0142em si\u0119, \u017ce tak nie jest, dopiero kiedy moje podejrzenia zacz\u0119\u0142a wzbudza\u0107 tre\u015b\u0107 przesy\u0142anych wiadomo\u015bci.<\/p>\n\n\n\n<p>I sprawdzi\u0142em ich \u017ar\u00f3d\u0142o. Okaza\u0142o si\u0119, \u017ce zlokalizowane w Brukseli Europejskie Biuro Ochrony \u015arodowiska nie ma nic wsp\u00f3lnego z Uni\u0105 Europejsk\u0105. Mo\u017ce poza tym, \u017ce otrzymuje od niej finansowanie. A co takiego wzbudzi\u0142o moje podejrzenia?<\/p>\n\n\n\n<p>Przede wszystkim ataki na energetyk\u0119 j\u0105drow\u0105. Ot\u00f3\u017c Europejskie Biuro Ochrony \u015arodowiska przys\u0142a\u0142o mi na przyk\u0142ad <em>newsletter<\/em>, w kt\u00f3rym przekonywa\u0142o, \u017ce inwestowanie <strong>w energi\u0119 j\u0105drow\u0105 jest\u2026 z\u0142e dla klimatu<\/strong>. A kiedy kto\u015b przekonuje mnie, \u017ce rozw\u00f3j \u017ar\u00f3de\u0142 energii, kt\u00f3re nie emituj\u0105 gaz\u00f3w cieplarnianych, przyspiesza globalne ocieplenie, to oczywi\u015bcie robi\u0119 si\u0119 nieufny. Przyjrza\u0142em si\u0119 wiec dok\u0142adniej temu, co przychodzi z EBB i co jest publikowane na jego stronach, i okaza\u0142o si\u0119, \u017ce s\u0105 tam cho\u0107by apele dotycz\u0105ce tego, by Unia Europejska interweniowa\u0142a w kwestii pomocy publicznej maj\u0105cej przed\u0142u\u017cy\u0107 dzia\u0142ania belgijskich elektrowni j\u0105drowych. Twierdzi\u0142o, \u017ce inwestowanie w przed\u0142u\u017cenie ich dzia\u0142ania, jest sprzeczne z unijnymi przepisami o pomocy publicznej. Apelowa\u0142o nawet o wszcz\u0119cie dochodzenia w tej sprawie. Ekolodzy byli wi\u0119c za tym, by likwidowa\u0107 dzia\u0142aj\u0105ce bezemisyjne \u017ar\u00f3d\u0142a energii. Kontrowersyjne.<\/p>\n\n\n\n<figure class=\"wp-block-image size-full\"><a href=\"https:\/\/ciekawy.blog\/wp-content\/uploads\/2025\/04\/image.png\"><img loading=\"lazy\" decoding=\"async\" width=\"933\" height=\"595\" src=\"https:\/\/ciekawy.blog\/wp-content\/themes\/breek\/assets\/images\/transparent.gif\" data-lazy=\"true\" data-src=\"https:\/\/ciekawy.blog\/wp-content\/uploads\/2025\/04\/image.png\" alt=\"\" class=\"wp-image-640\" data-srcset=\"https:\/\/ciekawy.blog\/wp-content\/uploads\/2025\/04\/image.png 933w, https:\/\/ciekawy.blog\/wp-content\/uploads\/2025\/04\/image-300x191.png 300w, https:\/\/ciekawy.blog\/wp-content\/uploads\/2025\/04\/image-768x490.png 768w, https:\/\/ciekawy.blog\/wp-content\/uploads\/2025\/04\/image-100x64.png 100w, https:\/\/ciekawy.blog\/wp-content\/uploads\/2025\/04\/image-700x446.png 700w\" data-sizes=\"auto, (max-width: 933px) 100vw, 933px\" \/><\/a><\/figure>\n\n\n\n<p>Ale to nie wszystko, bo antyatomowa krucjata jest tam a\u017c nadto widoczna. Organizacja przygotowa\u0142a na przyk\u0142ad obszerny raport,&nbsp; w kt\u00f3rym przekonuje, \u017ce atom nie jest potrzebny europejskiej gospodarce do zmniejszania emisji dwutlenku w\u0119gla. I ten raport zawiera scenariusze, kt\u00f3re organizacja przygotowa\u0142a dla pi\u0119ciu kraj\u00f3w, by pokaza\u0107 jak te powinny zrezygnowa\u0107 ze swojej floty elektrowni j\u0105drowych i zast\u0105pi\u0107 je odnawialnymi \u017ar\u00f3d\u0142ami energii, oszcz\u0119dno\u015bciami na jej zu\u017cyciu oraz elastyczno\u015bci\u0105 systemu.<\/p>\n\n\n\n<h2 class=\"wp-block-heading\">Krytyka to pamflet?<\/h2>\n\n\n\n<p>Przy czym jest to cz\u0119sty postulat ruch\u00f3w ekologicznych, kt\u00f3re niezbyt lubi\u0105 kiedy si\u0119 go poddaje krytyce. M\u00f3j kolega Jakub J\u0119drak napisa\u0142 na przyk\u0142ad kiedy\u015b artyku\u0142, w kt\u00f3rym przekonuj\u0105co argumentowa\u0142, \u017ce taki system to bajki. A z jego tekstu da\u0142o si\u0119 wyci\u0105gn\u0105\u0107 wniosek, \u017ce s\u0105 to tak\u017ce bajki, kt\u00f3re po\u0142\u0105czone z niszczeniem atomu, musz\u0105 doprowadzi\u0107 do wi\u0119kszego uzale\u017cnienia Europy od rosyjskiego gazu. Zosta\u0142 wtedy zaatakowany przez r\u00f3\u017cnych ekspert\u00f3w, kt\u00f3rzy jego solidnie uargumentowany tekst nazwali pamfletem.<\/p>\n\n\n\n<p>Cho\u0107 to wymaga jeszcze niewielkiego doprecyzowania, poniewa\u017c gaz oczywi\u015bcie nie musi by\u0107 rosyjski. Mo\u017cna go w takim wypadku kupi\u0107 tak\u017ce z USA lub Kuwejtu. A w\u0142a\u015bciwie mo\u017cna by by\u0142o, gdyby nie pod\u0105\u017ca\u0107 za zaleceniami organizacji takich jak Europejskie Biuro Ochrony \u015arodowiska, bo to opr\u00f3cz zamkni\u0119cia atomu, apelowa\u0142o tak\u017ce o rezygnacj\u0119 z terminali LNG \u2013 niezb\u0119dnych do tego, by gaz importowa\u0107 z innych kierunk\u00f3w. Pi\u0119\u0107 wspomnianych kraj\u00f3w, kt\u00f3re maj\u0105 rezygnowa\u0107 ze swoich flot elektrowni j\u0105drowych to Hiszpania, Francja, S\u0142owacja, Belgia i Finlandia. A kto zap\u0142aci\u0142 za raport?<\/p>\n\n\n\n<p>W\u0142a\u015bnie b\u0119d\u0105cy na cenzurowanym LIFE oraz Niemieckie Federalne Ministerstwo Gospodarki i Ochrony Klimatu. Co Niemcy maj\u0105 do hiszpa\u0144skich elektrowni j\u0105drowych?<\/p>\n\n\n\n<p>A to nie wszystko, bo EEB lobbowa\u0142o tak\u017ce za montowaniem pomp ciep\u0142a w nieocieplonych domach. &#8211; W przypadkach, gdy takie renowacje nie s\u0105 jeszcze mo\u017cliwe, pompy ciep\u0142a wysokotemperaturowe stanowi\u0105 doskona\u0142e rozwi\u0105zanie przej\u015bciowe, pozwalaj\u0105ce ograniczy\u0107 zale\u017cno\u015b\u0107 od paliw kopalnych i uruchomi\u0107 oszcz\u0119dno\u015bci energetyczne \u2013 przeczyta\u0142em w newsletterze otrzymanym od Europejskiego Biura Ochrony \u015arodowiska. Do kt\u00f3rego do\u0142\u0105czony by\u0142 obszerny raport w przyk\u0142adami udanych inwestycji tego rodzaju z kilku kraj\u00f3w. W tym z Polski, w kt\u00f3rej po\u0142\u0105czenie pomp ciep\u0142a i nieocieplonych budynk\u00f3w kojarzy si\u0119 ju\u017c raczej z rachunkami grozy, ni\u017c oszcz\u0119dno\u015bci\u0105.<\/p>\n\n\n\n<p><\/p>\n\n\n\n<figure class=\"wp-block-image size-full\"><a href=\"https:\/\/ciekawy.blog\/wp-content\/uploads\/2025\/04\/image-1.png\"><img loading=\"lazy\" decoding=\"async\" width=\"925\" height=\"795\" src=\"https:\/\/ciekawy.blog\/wp-content\/themes\/breek\/assets\/images\/transparent.gif\" data-lazy=\"true\" data-src=\"https:\/\/ciekawy.blog\/wp-content\/uploads\/2025\/04\/image-1.png\" alt=\"European Environmental Bureau\" class=\"wp-image-644\" data-srcset=\"https:\/\/ciekawy.blog\/wp-content\/uploads\/2025\/04\/image-1.png 925w, https:\/\/ciekawy.blog\/wp-content\/uploads\/2025\/04\/image-1-300x258.png 300w, https:\/\/ciekawy.blog\/wp-content\/uploads\/2025\/04\/image-1-768x660.png 768w, https:\/\/ciekawy.blog\/wp-content\/uploads\/2025\/04\/image-1-100x86.png 100w, https:\/\/ciekawy.blog\/wp-content\/uploads\/2025\/04\/image-1-524x450.png 524w\" data-sizes=\"auto, (max-width: 925px) 100vw, 925px\" \/><\/a><\/figure>\n\n\n\n<p><\/p>\n\n\n\n<p>S\u0105 oczywi\u015bcie przyk\u0142ady, jak mo\u017ce to dzia\u0142a\u0107, ale trzeba do nich podchodzi\u0107 bardzo ostro\u017cnie. <\/p>\n\n\n\n<h2 class=\"wp-block-heading\">Paliwo dla krytyk\u00f3w systemu<\/h2>\n\n\n\n<p>Widzicie wi\u0119c, \u017ce kiedy chodzi o skandal opisany przez \u201eDe Telegraaf\u201d \u2013 lub jak chc\u0105 inni \u201etak zwany skandal\u201d \u2013 raczej nie zabraknie paliwa krytykom obecnego systemu. Rzeczywi\u015bcie jest tak, \u017ce wszystko to budzi spore w\u0105tpliwo\u015bci i pozwala zadawa\u0107 pytania, kt\u00f3re je tylko zwi\u0119kszaj\u0105. T\u0142umaczenie, \u017ce to normalne dzia\u0142ania raczej nie wystarczy, by zgasi\u0107 ten po\u017car. Szczeg\u00f3lnie, kiedy uwa\u017cnie popatrze\u0107, co dok\u0142adnie robi\u0142a zaanga\u017cowana w nie i stylizuj\u0105ca si\u0119 na instytucj\u0119 unijn\u0105 organizacja ekologiczna. &nbsp;<\/p>\n\n\n\n<p>A nie jest to przecie\u017c jedyny taki grant i jedyny temat, kt\u00f3ry pojawia si\u0119 w tym kontek\u015bcie. Dirk Gotink, eurodeputowany holenderskiej centroprawicy, m\u00f3wi\u0142 ju\u017c na przyk\u0142ad: \u201eChc\u0119 wiedzie\u0107, czy to dotyczy r\u00f3wnie\u017c innych temat\u00f3w, takich jak migracja?\u201d Dodaj\u0105c, \u017ce Bruksela to stolica lobbingu i chce wiedzie\u0107: \u201eczy mamy do czynienia z jedn\u0105 czarn\u0105 owc\u0105, czy z powszechn\u0105 praktyk\u0105?\u201d Europarlamentarzy\u015bci zapowiadaj\u0105, \u017ce b\u0119d\u0105 ten temat dr\u0105\u017cy\u0107. Je\u017celi dokopi\u0105 si\u0119 do podobnych przyk\u0142ad\u00f3w w innych, nawet bardziej zapalnych tematach \u2013 na przyk\u0142ad wspomnianej migracji, mo\u017ce wywo\u0142a\u0107 prawdziw\u0105 burz\u0119 polityczn\u0105. A mo\u017cliwe, \u017ce si\u0119 dokopi\u0105, bo afera wybuch\u0142a z powodu czego\u015b, co jeszcze niedawno uwa\u017cano w Brukseli za normalne.<\/p>\n\n\n\n<p>Jednak \u017cyjemy w czasach, w kt\u00f3rych wszystko szybko si\u0119 zmienia.<\/p>\n\n\n\n<p>Tak\u017ce ocena tego co normalne i akceptowalne.<\/p>\n\n\n\n<p><sub>Fot. RossHelen\/Envato Elements.<\/sub><\/p>\n","protected":false},"excerpt":{"rendered":"<p>W Brukseli rozkr\u0119ca si\u0119 skandal \u2013 lub jak chc\u0105 inni \u201etak zwany skandal\u201d. Ten jest zwi\u0105zany z tym, \u017ce Komisja Europejska mia\u0142a wspiera\u0107 finansowo jedn\u0105&#8230;<\/p>\n","protected":false},"author":2,"featured_media":641,"comment_status":"closed","ping_status":"closed","sticky":false,"template":"","format":"standard","meta":{"footnotes":""},"categories":[18],"tags":[22,56,55],"class_list":["post-638","post","type-post","status-publish","format-standard","has-post-thumbnail","hentry","category-swiat","tag-ekologia","tag-europejskie-biuro-ochrony-srodowiska","tag-unia-europejska"],"acf":[],"yoast_head":"<!-- This site is optimized with the Yoast SEO plugin v22.9 - https:\/\/yoast.com\/wordpress\/plugins\/seo\/ -->\n<title>Zielony \u0141ad, ekolodzy i pieni\u0105dze. Sprawa, kt\u00f3ra mo\u017ce wstrz\u0105sn\u0105\u0107 Bruksel\u0105 - ciekawy.blog<\/title>\n<meta name=\"robots\" content=\"index, follow, max-snippet:-1, max-image-preview:large, max-video-preview:-1\" \/>\n<link rel=\"canonical\" href=\"https:\/\/ciekawy.blog\/index.php\/2025\/04\/08\/zielony-lad-ekolodzy-i-pieniadze-sprawa-ktora-moze-wstrzasnac-bruksela\/\" \/>\n<meta property=\"og:locale\" content=\"pl_PL\" \/>\n<meta property=\"og:type\" content=\"article\" \/>\n<meta property=\"og:title\" content=\"Zielony \u0141ad, ekolodzy i pieni\u0105dze. Sprawa, kt\u00f3ra mo\u017ce wstrz\u0105sn\u0105\u0107 Bruksel\u0105 - ciekawy.blog\" \/>\n<meta property=\"og:description\" content=\"W Brukseli rozkr\u0119ca si\u0119 skandal \u2013 lub jak chc\u0105 inni \u201etak zwany skandal\u201d. Ten jest zwi\u0105zany z tym, \u017ce Komisja Europejska mia\u0142a wspiera\u0107 finansowo jedn\u0105...\" \/>\n<meta property=\"og:url\" content=\"https:\/\/ciekawy.blog\/index.php\/2025\/04\/08\/zielony-lad-ekolodzy-i-pieniadze-sprawa-ktora-moze-wstrzasnac-bruksela\/\" \/>\n<meta property=\"og:site_name\" content=\"ciekawy.blog\" \/>\n<meta property=\"article:publisher\" content=\"https:\/\/www.facebook.com\/ciekawyblog\" \/>\n<meta property=\"article:published_time\" content=\"2025-04-08T15:15:51+00:00\" \/>\n<meta property=\"article:modified_time\" content=\"2025-04-09T14:44:50+00:00\" \/>\n<meta property=\"og:image\" content=\"https:\/\/ciekawy.blog\/wp-content\/uploads\/2025\/04\/european-parliament-interior-2025-03-15-15-27-09-utc-scaled.jpg\" \/>\n\t<meta property=\"og:image:width\" content=\"2560\" \/>\n\t<meta property=\"og:image:height\" content=\"1709\" \/>\n\t<meta property=\"og:image:type\" content=\"image\/jpeg\" \/>\n<meta name=\"author\" content=\"Tomasz Borejza\" \/>\n<meta name=\"twitter:card\" content=\"summary_large_image\" \/>\n<meta name=\"twitter:creator\" content=\"@https:\/\/twitter.com\/TomaszBorejza\" \/>\n<meta name=\"twitter:site\" content=\"@TomaszBorejza\" \/>\n<meta name=\"twitter:label1\" content=\"Napisane przez\" \/>\n\t<meta name=\"twitter:data1\" content=\"Tomasz Borejza\" \/>\n\t<meta name=\"twitter:label2\" content=\"Szacowany czas czytania\" \/>\n\t<meta name=\"twitter:data2\" content=\"10 minut\" \/>\n<script type=\"application\/ld+json\" class=\"yoast-schema-graph\">{\"@context\":\"https:\/\/schema.org\",\"@graph\":[{\"@type\":\"Article\",\"@id\":\"https:\/\/ciekawy.blog\/index.php\/2025\/04\/08\/zielony-lad-ekolodzy-i-pieniadze-sprawa-ktora-moze-wstrzasnac-bruksela\/#article\",\"isPartOf\":{\"@id\":\"https:\/\/ciekawy.blog\/index.php\/2025\/04\/08\/zielony-lad-ekolodzy-i-pieniadze-sprawa-ktora-moze-wstrzasnac-bruksela\/\"},\"author\":{\"name\":\"Tomasz Borejza\",\"@id\":\"https:\/\/ciekawy.blog\/#\/schema\/person\/b551c82e926e19708bc39c501aed74ab\"},\"headline\":\"Zielony \u0141ad, ekolodzy i pieni\u0105dze. Sprawa, kt\u00f3ra mo\u017ce wstrz\u0105sn\u0105\u0107 Bruksel\u0105\",\"datePublished\":\"2025-04-08T15:15:51+00:00\",\"dateModified\":\"2025-04-09T14:44:50+00:00\",\"mainEntityOfPage\":{\"@id\":\"https:\/\/ciekawy.blog\/index.php\/2025\/04\/08\/zielony-lad-ekolodzy-i-pieniadze-sprawa-ktora-moze-wstrzasnac-bruksela\/\"},\"wordCount\":1922,\"publisher\":{\"@id\":\"https:\/\/ciekawy.blog\/#organization\"},\"image\":{\"@id\":\"https:\/\/ciekawy.blog\/index.php\/2025\/04\/08\/zielony-lad-ekolodzy-i-pieniadze-sprawa-ktora-moze-wstrzasnac-bruksela\/#primaryimage\"},\"thumbnailUrl\":\"https:\/\/ciekawy.blog\/wp-content\/uploads\/2025\/04\/european-parliament-interior-2025-03-15-15-27-09-utc-scaled.jpg\",\"keywords\":[\"ekologia\",\"Europejskie Biuro Ochrony \u015arodowiska\",\"unia europejska\"],\"articleSection\":[\"\u015awiat\"],\"inLanguage\":\"pl-PL\"},{\"@type\":\"WebPage\",\"@id\":\"https:\/\/ciekawy.blog\/index.php\/2025\/04\/08\/zielony-lad-ekolodzy-i-pieniadze-sprawa-ktora-moze-wstrzasnac-bruksela\/\",\"url\":\"https:\/\/ciekawy.blog\/index.php\/2025\/04\/08\/zielony-lad-ekolodzy-i-pieniadze-sprawa-ktora-moze-wstrzasnac-bruksela\/\",\"name\":\"Zielony \u0141ad, ekolodzy i pieni\u0105dze. Sprawa, kt\u00f3ra mo\u017ce wstrz\u0105sn\u0105\u0107 Bruksel\u0105 - ciekawy.blog\",\"isPartOf\":{\"@id\":\"https:\/\/ciekawy.blog\/#website\"},\"primaryImageOfPage\":{\"@id\":\"https:\/\/ciekawy.blog\/index.php\/2025\/04\/08\/zielony-lad-ekolodzy-i-pieniadze-sprawa-ktora-moze-wstrzasnac-bruksela\/#primaryimage\"},\"image\":{\"@id\":\"https:\/\/ciekawy.blog\/index.php\/2025\/04\/08\/zielony-lad-ekolodzy-i-pieniadze-sprawa-ktora-moze-wstrzasnac-bruksela\/#primaryimage\"},\"thumbnailUrl\":\"https:\/\/ciekawy.blog\/wp-content\/uploads\/2025\/04\/european-parliament-interior-2025-03-15-15-27-09-utc-scaled.jpg\",\"datePublished\":\"2025-04-08T15:15:51+00:00\",\"dateModified\":\"2025-04-09T14:44:50+00:00\",\"breadcrumb\":{\"@id\":\"https:\/\/ciekawy.blog\/index.php\/2025\/04\/08\/zielony-lad-ekolodzy-i-pieniadze-sprawa-ktora-moze-wstrzasnac-bruksela\/#breadcrumb\"},\"inLanguage\":\"pl-PL\",\"potentialAction\":[{\"@type\":\"ReadAction\",\"target\":[\"https:\/\/ciekawy.blog\/index.php\/2025\/04\/08\/zielony-lad-ekolodzy-i-pieniadze-sprawa-ktora-moze-wstrzasnac-bruksela\/\"]}]},{\"@type\":\"ImageObject\",\"inLanguage\":\"pl-PL\",\"@id\":\"https:\/\/ciekawy.blog\/index.php\/2025\/04\/08\/zielony-lad-ekolodzy-i-pieniadze-sprawa-ktora-moze-wstrzasnac-bruksela\/#primaryimage\",\"url\":\"https:\/\/ciekawy.blog\/wp-content\/uploads\/2025\/04\/european-parliament-interior-2025-03-15-15-27-09-utc-scaled.jpg\",\"contentUrl\":\"https:\/\/ciekawy.blog\/wp-content\/uploads\/2025\/04\/european-parliament-interior-2025-03-15-15-27-09-utc-scaled.jpg\",\"width\":2560,\"height\":1709,\"caption\":\"Interior of the meeting room of the European parliament in Brussels, Belgium\"},{\"@type\":\"BreadcrumbList\",\"@id\":\"https:\/\/ciekawy.blog\/index.php\/2025\/04\/08\/zielony-lad-ekolodzy-i-pieniadze-sprawa-ktora-moze-wstrzasnac-bruksela\/#breadcrumb\",\"itemListElement\":[{\"@type\":\"ListItem\",\"position\":1,\"name\":\"Home\",\"item\":\"https:\/\/ciekawy.blog\/\"},{\"@type\":\"ListItem\",\"position\":2,\"name\":\"Zielony \u0141ad, ekolodzy i pieni\u0105dze. Sprawa, kt\u00f3ra mo\u017ce wstrz\u0105sn\u0105\u0107 Bruksel\u0105\"}]},{\"@type\":\"WebSite\",\"@id\":\"https:\/\/ciekawy.blog\/#website\",\"url\":\"https:\/\/ciekawy.blog\/\",\"name\":\"ciekawy.blog\",\"description\":\"Czytam dla was ciekawe ksi\u0105\u017cki\",\"publisher\":{\"@id\":\"https:\/\/ciekawy.blog\/#organization\"},\"potentialAction\":[{\"@type\":\"SearchAction\",\"target\":{\"@type\":\"EntryPoint\",\"urlTemplate\":\"https:\/\/ciekawy.blog\/?s={search_term_string}\"},\"query-input\":\"required name=search_term_string\"}],\"inLanguage\":\"pl-PL\"},{\"@type\":\"Organization\",\"@id\":\"https:\/\/ciekawy.blog\/#organization\",\"name\":\"ciekawy.blog\",\"url\":\"https:\/\/ciekawy.blog\/\",\"logo\":{\"@type\":\"ImageObject\",\"inLanguage\":\"pl-PL\",\"@id\":\"https:\/\/ciekawy.blog\/#\/schema\/logo\/image\/\",\"url\":\"https:\/\/ciekawy.blog\/wp-content\/uploads\/2024\/02\/Original-Logo.png\",\"contentUrl\":\"https:\/\/ciekawy.blog\/wp-content\/uploads\/2024\/02\/Original-Logo.png\",\"width\":1996,\"height\":1721,\"caption\":\"ciekawy.blog\"},\"image\":{\"@id\":\"https:\/\/ciekawy.blog\/#\/schema\/logo\/image\/\"},\"sameAs\":[\"https:\/\/www.facebook.com\/ciekawyblog\",\"https:\/\/x.com\/TomaszBorejza\"]},{\"@type\":\"Person\",\"@id\":\"https:\/\/ciekawy.blog\/#\/schema\/person\/b551c82e926e19708bc39c501aed74ab\",\"name\":\"Tomasz Borejza\",\"image\":{\"@type\":\"ImageObject\",\"inLanguage\":\"pl-PL\",\"@id\":\"https:\/\/ciekawy.blog\/#\/schema\/person\/image\/\",\"url\":\"https:\/\/secure.gravatar.com\/avatar\/82936aaa6e54e17cd81fbb4840fe137581fd98dfcfb5c6302c3e9c74f9d61941?s=96&d=mm&r=g\",\"contentUrl\":\"https:\/\/secure.gravatar.com\/avatar\/82936aaa6e54e17cd81fbb4840fe137581fd98dfcfb5c6302c3e9c74f9d61941?s=96&d=mm&r=g\",\"caption\":\"Tomasz Borejza\"},\"description\":\"Dziennikarz naukowy. Wsp\u00f3\u0142autor kana\u0142u \\\"Rynek Krowoderski\\\". Cz\u0142onek European Federation For Science Journalism. Autor ksi\u0105\u017cki \u201eOdwo\u0142a\u0107 katastrof\u0119\u201d.\",\"sameAs\":[\"https:\/\/ciekawy.blog\",\"https:\/\/x.com\/https:\/\/twitter.com\/TomaszBorejza\"],\"url\":\"https:\/\/ciekawy.blog\/index.php\/author\/tomasz-borejza\/\"}]}<\/script>\n<!-- \/ Yoast SEO plugin. -->","yoast_head_json":{"title":"Zielony \u0141ad, ekolodzy i pieni\u0105dze. Sprawa, kt\u00f3ra mo\u017ce wstrz\u0105sn\u0105\u0107 Bruksel\u0105 - ciekawy.blog","robots":{"index":"index","follow":"follow","max-snippet":"max-snippet:-1","max-image-preview":"max-image-preview:large","max-video-preview":"max-video-preview:-1"},"canonical":"https:\/\/ciekawy.blog\/index.php\/2025\/04\/08\/zielony-lad-ekolodzy-i-pieniadze-sprawa-ktora-moze-wstrzasnac-bruksela\/","og_locale":"pl_PL","og_type":"article","og_title":"Zielony \u0141ad, ekolodzy i pieni\u0105dze. Sprawa, kt\u00f3ra mo\u017ce wstrz\u0105sn\u0105\u0107 Bruksel\u0105 - ciekawy.blog","og_description":"W Brukseli rozkr\u0119ca si\u0119 skandal \u2013 lub jak chc\u0105 inni \u201etak zwany skandal\u201d. Ten jest zwi\u0105zany z tym, \u017ce Komisja Europejska mia\u0142a wspiera\u0107 finansowo jedn\u0105...","og_url":"https:\/\/ciekawy.blog\/index.php\/2025\/04\/08\/zielony-lad-ekolodzy-i-pieniadze-sprawa-ktora-moze-wstrzasnac-bruksela\/","og_site_name":"ciekawy.blog","article_publisher":"https:\/\/www.facebook.com\/ciekawyblog","article_published_time":"2025-04-08T15:15:51+00:00","article_modified_time":"2025-04-09T14:44:50+00:00","og_image":[{"width":2560,"height":1709,"url":"https:\/\/ciekawy.blog\/wp-content\/uploads\/2025\/04\/european-parliament-interior-2025-03-15-15-27-09-utc-scaled.jpg","type":"image\/jpeg"}],"author":"Tomasz Borejza","twitter_card":"summary_large_image","twitter_creator":"@https:\/\/twitter.com\/TomaszBorejza","twitter_site":"@TomaszBorejza","twitter_misc":{"Napisane przez":"Tomasz Borejza","Szacowany czas czytania":"10 minut"},"schema":{"@context":"https:\/\/schema.org","@graph":[{"@type":"Article","@id":"https:\/\/ciekawy.blog\/index.php\/2025\/04\/08\/zielony-lad-ekolodzy-i-pieniadze-sprawa-ktora-moze-wstrzasnac-bruksela\/#article","isPartOf":{"@id":"https:\/\/ciekawy.blog\/index.php\/2025\/04\/08\/zielony-lad-ekolodzy-i-pieniadze-sprawa-ktora-moze-wstrzasnac-bruksela\/"},"author":{"name":"Tomasz Borejza","@id":"https:\/\/ciekawy.blog\/#\/schema\/person\/b551c82e926e19708bc39c501aed74ab"},"headline":"Zielony \u0141ad, ekolodzy i pieni\u0105dze. Sprawa, kt\u00f3ra mo\u017ce wstrz\u0105sn\u0105\u0107 Bruksel\u0105","datePublished":"2025-04-08T15:15:51+00:00","dateModified":"2025-04-09T14:44:50+00:00","mainEntityOfPage":{"@id":"https:\/\/ciekawy.blog\/index.php\/2025\/04\/08\/zielony-lad-ekolodzy-i-pieniadze-sprawa-ktora-moze-wstrzasnac-bruksela\/"},"wordCount":1922,"publisher":{"@id":"https:\/\/ciekawy.blog\/#organization"},"image":{"@id":"https:\/\/ciekawy.blog\/index.php\/2025\/04\/08\/zielony-lad-ekolodzy-i-pieniadze-sprawa-ktora-moze-wstrzasnac-bruksela\/#primaryimage"},"thumbnailUrl":"https:\/\/ciekawy.blog\/wp-content\/uploads\/2025\/04\/european-parliament-interior-2025-03-15-15-27-09-utc-scaled.jpg","keywords":["ekologia","Europejskie Biuro Ochrony \u015arodowiska","unia europejska"],"articleSection":["\u015awiat"],"inLanguage":"pl-PL"},{"@type":"WebPage","@id":"https:\/\/ciekawy.blog\/index.php\/2025\/04\/08\/zielony-lad-ekolodzy-i-pieniadze-sprawa-ktora-moze-wstrzasnac-bruksela\/","url":"https:\/\/ciekawy.blog\/index.php\/2025\/04\/08\/zielony-lad-ekolodzy-i-pieniadze-sprawa-ktora-moze-wstrzasnac-bruksela\/","name":"Zielony \u0141ad, ekolodzy i pieni\u0105dze. Sprawa, kt\u00f3ra mo\u017ce wstrz\u0105sn\u0105\u0107 Bruksel\u0105 - ciekawy.blog","isPartOf":{"@id":"https:\/\/ciekawy.blog\/#website"},"primaryImageOfPage":{"@id":"https:\/\/ciekawy.blog\/index.php\/2025\/04\/08\/zielony-lad-ekolodzy-i-pieniadze-sprawa-ktora-moze-wstrzasnac-bruksela\/#primaryimage"},"image":{"@id":"https:\/\/ciekawy.blog\/index.php\/2025\/04\/08\/zielony-lad-ekolodzy-i-pieniadze-sprawa-ktora-moze-wstrzasnac-bruksela\/#primaryimage"},"thumbnailUrl":"https:\/\/ciekawy.blog\/wp-content\/uploads\/2025\/04\/european-parliament-interior-2025-03-15-15-27-09-utc-scaled.jpg","datePublished":"2025-04-08T15:15:51+00:00","dateModified":"2025-04-09T14:44:50+00:00","breadcrumb":{"@id":"https:\/\/ciekawy.blog\/index.php\/2025\/04\/08\/zielony-lad-ekolodzy-i-pieniadze-sprawa-ktora-moze-wstrzasnac-bruksela\/#breadcrumb"},"inLanguage":"pl-PL","potentialAction":[{"@type":"ReadAction","target":["https:\/\/ciekawy.blog\/index.php\/2025\/04\/08\/zielony-lad-ekolodzy-i-pieniadze-sprawa-ktora-moze-wstrzasnac-bruksela\/"]}]},{"@type":"ImageObject","inLanguage":"pl-PL","@id":"https:\/\/ciekawy.blog\/index.php\/2025\/04\/08\/zielony-lad-ekolodzy-i-pieniadze-sprawa-ktora-moze-wstrzasnac-bruksela\/#primaryimage","url":"https:\/\/ciekawy.blog\/wp-content\/uploads\/2025\/04\/european-parliament-interior-2025-03-15-15-27-09-utc-scaled.jpg","contentUrl":"https:\/\/ciekawy.blog\/wp-content\/uploads\/2025\/04\/european-parliament-interior-2025-03-15-15-27-09-utc-scaled.jpg","width":2560,"height":1709,"caption":"Interior of the meeting room of the European parliament in Brussels, Belgium"},{"@type":"BreadcrumbList","@id":"https:\/\/ciekawy.blog\/index.php\/2025\/04\/08\/zielony-lad-ekolodzy-i-pieniadze-sprawa-ktora-moze-wstrzasnac-bruksela\/#breadcrumb","itemListElement":[{"@type":"ListItem","position":1,"name":"Home","item":"https:\/\/ciekawy.blog\/"},{"@type":"ListItem","position":2,"name":"Zielony \u0141ad, ekolodzy i pieni\u0105dze. Sprawa, kt\u00f3ra mo\u017ce wstrz\u0105sn\u0105\u0107 Bruksel\u0105"}]},{"@type":"WebSite","@id":"https:\/\/ciekawy.blog\/#website","url":"https:\/\/ciekawy.blog\/","name":"ciekawy.blog","description":"Czytam dla was ciekawe ksi\u0105\u017cki","publisher":{"@id":"https:\/\/ciekawy.blog\/#organization"},"potentialAction":[{"@type":"SearchAction","target":{"@type":"EntryPoint","urlTemplate":"https:\/\/ciekawy.blog\/?s={search_term_string}"},"query-input":"required name=search_term_string"}],"inLanguage":"pl-PL"},{"@type":"Organization","@id":"https:\/\/ciekawy.blog\/#organization","name":"ciekawy.blog","url":"https:\/\/ciekawy.blog\/","logo":{"@type":"ImageObject","inLanguage":"pl-PL","@id":"https:\/\/ciekawy.blog\/#\/schema\/logo\/image\/","url":"https:\/\/ciekawy.blog\/wp-content\/uploads\/2024\/02\/Original-Logo.png","contentUrl":"https:\/\/ciekawy.blog\/wp-content\/uploads\/2024\/02\/Original-Logo.png","width":1996,"height":1721,"caption":"ciekawy.blog"},"image":{"@id":"https:\/\/ciekawy.blog\/#\/schema\/logo\/image\/"},"sameAs":["https:\/\/www.facebook.com\/ciekawyblog","https:\/\/x.com\/TomaszBorejza"]},{"@type":"Person","@id":"https:\/\/ciekawy.blog\/#\/schema\/person\/b551c82e926e19708bc39c501aed74ab","name":"Tomasz Borejza","image":{"@type":"ImageObject","inLanguage":"pl-PL","@id":"https:\/\/ciekawy.blog\/#\/schema\/person\/image\/","url":"https:\/\/secure.gravatar.com\/avatar\/82936aaa6e54e17cd81fbb4840fe137581fd98dfcfb5c6302c3e9c74f9d61941?s=96&d=mm&r=g","contentUrl":"https:\/\/secure.gravatar.com\/avatar\/82936aaa6e54e17cd81fbb4840fe137581fd98dfcfb5c6302c3e9c74f9d61941?s=96&d=mm&r=g","caption":"Tomasz Borejza"},"description":"Dziennikarz naukowy. Wsp\u00f3\u0142autor kana\u0142u \"Rynek Krowoderski\". Cz\u0142onek European Federation For Science Journalism. Autor ksi\u0105\u017cki \u201eOdwo\u0142a\u0107 katastrof\u0119\u201d.","sameAs":["https:\/\/ciekawy.blog","https:\/\/x.com\/https:\/\/twitter.com\/TomaszBorejza"],"url":"https:\/\/ciekawy.blog\/index.php\/author\/tomasz-borejza\/"}]}},"amp_enabled":true,"_links":{"self":[{"href":"https:\/\/ciekawy.blog\/index.php\/wp-json\/wp\/v2\/posts\/638","targetHints":{"allow":["GET"]}}],"collection":[{"href":"https:\/\/ciekawy.blog\/index.php\/wp-json\/wp\/v2\/posts"}],"about":[{"href":"https:\/\/ciekawy.blog\/index.php\/wp-json\/wp\/v2\/types\/post"}],"author":[{"embeddable":true,"href":"https:\/\/ciekawy.blog\/index.php\/wp-json\/wp\/v2\/users\/2"}],"replies":[{"embeddable":true,"href":"https:\/\/ciekawy.blog\/index.php\/wp-json\/wp\/v2\/comments?post=638"}],"version-history":[{"count":4,"href":"https:\/\/ciekawy.blog\/index.php\/wp-json\/wp\/v2\/posts\/638\/revisions"}],"predecessor-version":[{"id":649,"href":"https:\/\/ciekawy.blog\/index.php\/wp-json\/wp\/v2\/posts\/638\/revisions\/649"}],"wp:featuredmedia":[{"embeddable":true,"href":"https:\/\/ciekawy.blog\/index.php\/wp-json\/wp\/v2\/media\/641"}],"wp:attachment":[{"href":"https:\/\/ciekawy.blog\/index.php\/wp-json\/wp\/v2\/media?parent=638"}],"wp:term":[{"taxonomy":"category","embeddable":true,"href":"https:\/\/ciekawy.blog\/index.php\/wp-json\/wp\/v2\/categories?post=638"},{"taxonomy":"post_tag","embeddable":true,"href":"https:\/\/ciekawy.blog\/index.php\/wp-json\/wp\/v2\/tags?post=638"}],"curies":[{"name":"wp","href":"https:\/\/api.w.org\/{rel}","templated":true}]}}