{"id":459,"date":"2024-06-27T16:11:09","date_gmt":"2024-06-27T16:11:09","guid":{"rendered":"https:\/\/ciekawy.blog\/?p=459"},"modified":"2024-06-27T20:05:14","modified_gmt":"2024-06-27T20:05:14","slug":"osiedla-z-prl-kontra-patodeweloperka-to-uwazano-za-niezbedne","status":"publish","type":"post","link":"https:\/\/ciekawy.blog\/index.php\/2024\/06\/27\/osiedla-z-prl-kontra-patodeweloperka-to-uwazano-za-niezbedne\/","title":{"rendered":"Osiedla z PRL kontra patodeweloperka. Pod tym wzgl\u0119dem wygrywaj\u0105"},"content":{"rendered":"\n<p><strong>Przez Internet przechodzi jedna dyskusja o tzw. patodeweloperce za drug\u0105. Ludzie zastanawiaj\u0105 si\u0119, co ni\u0105 jest, a co nie. Nie uwa\u017cam, by trzeba by\u0142o to rozs\u0105dza\u0107. Ka\u017cdy ma prawo do w\u0142asnego zdania i w\u0142asnej oceny. Ale argumenty pojawiaj\u0105ce si\u0119 w tych dyskusjach pokazuj\u0105, jak spadaj\u0105 nam oczekiwania mieszkaniowe i to jest ciekawe.<\/strong> <strong>Zw\u0142aszcza, kiedy zestawi\u0107 je z tym, co oferowa\u0142y osiedla w PRL.<\/strong><\/p>\n\n\n\n<!--more-->\n\n\n\n<p>W jednej pad\u0142a na przyk\u0142ad sugestia, \u017ce nie mo\u017cna m\u00f3wi\u0107 o patodeweloperce tam, gdzie w gara\u017cu podziemnym zmieszczono myjni\u0119 samochodow\u0105, a w przestrzeniach us\u0142ugowych na parterze jest ma\u0142y sklep. Kto\u015b inny uwa\u017ca\u0142, \u017ce jak nieopodal blok\u00f3w zbudowano tramwaj, to te tworz\u0105 wzorowe osiedle. No i ok. Nie b\u0119d\u0119 si\u0119 k\u0142\u00f3ci\u0142. Mo\u017ce i jest. Dzi\u015b. Ale to pokazuje, jak szybko obni\u017cyli\u015bmy oczekiwania odno\u015bnie osiedli mieszkaniowych. By si\u0119 upewni\u0107, \u017ce sobie tej zmiany nie uroi\u0142em, skoczy\u0142em na spacer po okolicy, kt\u00f3r\u0105 jest typowe osiedle z lat 70. XX w. Zbudowane w zat\u0119ch\u0142ym PRL-u, gdy nasze PKB &#8222;na g\u0142ow\u0119&#8221; by\u0142o kilka razy ni\u017csze ni\u017c dzisiaj. Osiedlu, kt\u00f3re zaplanowano na 10 tys. os\u00f3b. Do planu dok\u0142adaj\u0105c us\u0142ugi, kt\u00f3re uznano za absolutne minimum tego, by taka liczba ludzi mog\u0142a w miar\u0119 sensownie \u017cy\u0107 i korzysta\u0107 z udogodnie\u0144 miasta.<\/p>\n\n\n\n<ul class=\"wp-block-list\">\n<li><strong>Czytaj tak\u017ce: <a href=\"https:\/\/ciekawy.blog\/index.php\/2024\/05\/08\/elektrownia-jadrowa-w-30-lat-francuzi-postawili-trzy-w-szesc\/\">Elektrownia j\u0105drowa w 30 lat? Francuzi postawili trzy w sze\u015b\u0107!<\/a><\/strong><\/li>\n<\/ul>\n\n\n\n<p>W tym planie minimum dla 10 tys. os\u00f3b mamy wi\u0119c przedszkole. (Nowy budynek stan\u0105\u0142 na miejscu starego).<\/p>\n\n\n\n<figure class=\"wp-block-image size-large\"><a href=\"https:\/\/ciekawy.blog\/wp-content\/uploads\/2024\/06\/GMKgTjUXIAAGVCY-scaled.jpeg\"><img loading=\"lazy\" decoding=\"async\" width=\"1024\" height=\"576\" src=\"https:\/\/ciekawy.blog\/wp-content\/themes\/breek\/assets\/images\/transparent.gif\" data-lazy=\"true\" data-src=\"https:\/\/ciekawy.blog\/wp-content\/uploads\/2024\/06\/GMKgTjUXIAAGVCY-1024x576.jpeg\" alt=\"Osiedle Widok w Krakowie\" class=\"wp-image-463\" data-srcset=\"https:\/\/ciekawy.blog\/wp-content\/uploads\/2024\/06\/GMKgTjUXIAAGVCY-1024x576.jpeg 1024w, https:\/\/ciekawy.blog\/wp-content\/uploads\/2024\/06\/GMKgTjUXIAAGVCY-300x169.jpeg 300w, https:\/\/ciekawy.blog\/wp-content\/uploads\/2024\/06\/GMKgTjUXIAAGVCY-768x432.jpeg 768w, https:\/\/ciekawy.blog\/wp-content\/uploads\/2024\/06\/GMKgTjUXIAAGVCY-1536x864.jpeg 1536w, https:\/\/ciekawy.blog\/wp-content\/uploads\/2024\/06\/GMKgTjUXIAAGVCY-2048x1152.jpeg 2048w, https:\/\/ciekawy.blog\/wp-content\/uploads\/2024\/06\/GMKgTjUXIAAGVCY-100x56.jpeg 100w, https:\/\/ciekawy.blog\/wp-content\/uploads\/2024\/06\/GMKgTjUXIAAGVCY-700x394.jpeg 700w, https:\/\/ciekawy.blog\/wp-content\/uploads\/2024\/06\/GMKgTjUXIAAGVCY-1600x900.jpeg 1600w\" data-sizes=\"auto, (max-width: 1024px) 100vw, 1024px\" \/><\/a><\/figure>\n\n\n\n<p>A w\u0142a\u015bciwie dwa, bo jedno \u2014 uznali ludzie planuj\u0105cy osiedla z PRL \u2014 to za ma\u0142o dla 10 tys. os\u00f3b.<\/p>\n\n\n\n<figure class=\"wp-block-image size-large\"><a href=\"https:\/\/ciekawy.blog\/wp-content\/uploads\/2024\/06\/GMKgfrpXwAE5o5I-1024x576.jpeg\"><img loading=\"lazy\" decoding=\"async\" width=\"1024\" height=\"576\" src=\"https:\/\/ciekawy.blog\/wp-content\/themes\/breek\/assets\/images\/transparent.gif\" data-lazy=\"true\" data-src=\"https:\/\/ciekawy.blog\/wp-content\/uploads\/2024\/06\/GMKgfrpXwAE5o5I-1024x576.jpeg\" alt=\"Drugie przedszkole na osiedlu Widok w Krakowie\" class=\"wp-image-464\" data-srcset=\"https:\/\/ciekawy.blog\/wp-content\/uploads\/2024\/06\/GMKgfrpXwAE5o5I-1024x576.jpeg 1024w, https:\/\/ciekawy.blog\/wp-content\/uploads\/2024\/06\/GMKgfrpXwAE5o5I-300x169.jpeg 300w, https:\/\/ciekawy.blog\/wp-content\/uploads\/2024\/06\/GMKgfrpXwAE5o5I-768x432.jpeg 768w, https:\/\/ciekawy.blog\/wp-content\/uploads\/2024\/06\/GMKgfrpXwAE5o5I-1536x864.jpeg 1536w, https:\/\/ciekawy.blog\/wp-content\/uploads\/2024\/06\/GMKgfrpXwAE5o5I-2048x1152.jpeg 2048w, https:\/\/ciekawy.blog\/wp-content\/uploads\/2024\/06\/GMKgfrpXwAE5o5I-100x56.jpeg 100w, https:\/\/ciekawy.blog\/wp-content\/uploads\/2024\/06\/GMKgfrpXwAE5o5I-700x394.jpeg 700w, https:\/\/ciekawy.blog\/wp-content\/uploads\/2024\/06\/GMKgfrpXwAE5o5I-1600x900.jpeg 1600w\" data-sizes=\"auto, (max-width: 1024px) 100vw, 1024px\" \/><\/a><\/figure>\n\n\n\n<p>Plac zabaw, \u017ceby nie nudzi\u0142y si\u0119 dzieci.<\/p>\n\n\n\n<figure class=\"wp-block-image size-large\"><a href=\"https:\/\/ciekawy.blog\/wp-content\/uploads\/2024\/06\/GMKgoOiW8AAFO7J-scaled.jpeg\"><img loading=\"lazy\" decoding=\"async\" width=\"1024\" height=\"576\" src=\"https:\/\/ciekawy.blog\/wp-content\/themes\/breek\/assets\/images\/transparent.gif\" data-lazy=\"true\" data-src=\"https:\/\/ciekawy.blog\/wp-content\/uploads\/2024\/06\/GMKgoOiW8AAFO7J-1024x576.jpeg\" alt=\"Plac zabaw w Krakowie Osiedla z PRL dba\u0142y o takie sprawy\" class=\"wp-image-465\" data-srcset=\"https:\/\/ciekawy.blog\/wp-content\/uploads\/2024\/06\/GMKgoOiW8AAFO7J-1024x576.jpeg 1024w, https:\/\/ciekawy.blog\/wp-content\/uploads\/2024\/06\/GMKgoOiW8AAFO7J-300x169.jpeg 300w, https:\/\/ciekawy.blog\/wp-content\/uploads\/2024\/06\/GMKgoOiW8AAFO7J-768x432.jpeg 768w, https:\/\/ciekawy.blog\/wp-content\/uploads\/2024\/06\/GMKgoOiW8AAFO7J-1536x864.jpeg 1536w, https:\/\/ciekawy.blog\/wp-content\/uploads\/2024\/06\/GMKgoOiW8AAFO7J-2048x1152.jpeg 2048w, https:\/\/ciekawy.blog\/wp-content\/uploads\/2024\/06\/GMKgoOiW8AAFO7J-100x56.jpeg 100w, https:\/\/ciekawy.blog\/wp-content\/uploads\/2024\/06\/GMKgoOiW8AAFO7J-700x394.jpeg 700w, https:\/\/ciekawy.blog\/wp-content\/uploads\/2024\/06\/GMKgoOiW8AAFO7J-1600x900.jpeg 1600w\" data-sizes=\"auto, (max-width: 1024px) 100vw, 1024px\" \/><\/a><\/figure>\n\n\n\n<p>Oraz przestrze\u0144 spotka\u0144, by nie nudzili si\u0119 seniorzy. Krzysztof Bie\u0144, kt\u00f3ry zaprojektowa\u0142 osiedle, m\u00f3wi\u0142 o niej tak: &#8222;Moj\u0105 ide\u0105 urbanistyczn\u0105 dla Widoku by\u0142 te\u017c tr\u00f3jk\u0105t zieleni na \u015brodku osiedla. Stamt\u0105d wida\u0107 dwa kopce, a mia\u0142o to te\u017c by\u0107 miejsce, gdzie b\u0119dzie mo\u017cna by pospacerowa\u0107, usi\u0105\u015b\u0107, odpocz\u0105\u0107, spotka\u0107 si\u0119 z s\u0105siadami. Ciesz\u0119 si\u0119, \u017ce to do tej pory tak wygl\u0105da i przez \u015brodek osiedla nie poprowadzono komunikacji.&#8221; Oryginalne, gdy patrzy si\u0119 z dzisiejszej perspektywy, jest ju\u017c samo to, \u017ce Bie\u0144 mia\u0142 &#8222;ide\u0119 urbanistyczn\u0105&#8221;.<\/p>\n\n\n\n<figure class=\"wp-block-image size-large\"><a href=\"https:\/\/ciekawy.blog\/wp-content\/uploads\/2024\/06\/GMKhKzMWMAA14P0-scaled.jpeg\"><img loading=\"lazy\" decoding=\"async\" width=\"1024\" height=\"576\" src=\"https:\/\/ciekawy.blog\/wp-content\/themes\/breek\/assets\/images\/transparent.gif\" data-lazy=\"true\" data-src=\"https:\/\/ciekawy.blog\/wp-content\/uploads\/2024\/06\/GMKhKzMWMAA14P0-1024x576.jpeg\" alt=\"Osiedle z wielkiej p\u0142yty. przestrze\u0144 spotka\u0144 Osiedla z PRL dba\u0142y o takie sprawy\" class=\"wp-image-466\" data-srcset=\"https:\/\/ciekawy.blog\/wp-content\/uploads\/2024\/06\/GMKhKzMWMAA14P0-1024x576.jpeg 1024w, https:\/\/ciekawy.blog\/wp-content\/uploads\/2024\/06\/GMKhKzMWMAA14P0-300x169.jpeg 300w, https:\/\/ciekawy.blog\/wp-content\/uploads\/2024\/06\/GMKhKzMWMAA14P0-768x432.jpeg 768w, https:\/\/ciekawy.blog\/wp-content\/uploads\/2024\/06\/GMKhKzMWMAA14P0-1536x864.jpeg 1536w, https:\/\/ciekawy.blog\/wp-content\/uploads\/2024\/06\/GMKhKzMWMAA14P0-2048x1152.jpeg 2048w, https:\/\/ciekawy.blog\/wp-content\/uploads\/2024\/06\/GMKhKzMWMAA14P0-100x56.jpeg 100w, https:\/\/ciekawy.blog\/wp-content\/uploads\/2024\/06\/GMKhKzMWMAA14P0-700x394.jpeg 700w, https:\/\/ciekawy.blog\/wp-content\/uploads\/2024\/06\/GMKhKzMWMAA14P0-1600x900.jpeg 1600w\" data-sizes=\"auto, (max-width: 1024px) 100vw, 1024px\" \/><\/a><\/figure>\n\n\n\n<p>Ale wracaj\u0105c do dzieciak\u00f3w. Zaplanowano dla nich wi\u0119cej. W tym usypan\u0105 z ziemi wykopywanej pod fundamenty g\u00f3rk\u0119 saneczkow\u0105.<\/p>\n\n\n\n<figure class=\"wp-block-image size-large\"><a href=\"https:\/\/ciekawy.blog\/wp-content\/uploads\/2024\/06\/GMKhcBPXMAAsyBD-scaled.jpeg\"><img loading=\"lazy\" decoding=\"async\" width=\"1024\" height=\"576\" src=\"https:\/\/ciekawy.blog\/wp-content\/themes\/breek\/assets\/images\/transparent.gif\" data-lazy=\"true\" data-src=\"https:\/\/ciekawy.blog\/wp-content\/uploads\/2024\/06\/GMKhcBPXMAAsyBD-1024x576.jpeg\" alt=\"G\u00f3rka saneczkowa na osiedlu w Krakowie. Osiedla z PRL dba\u0142y o takie sprawy\" class=\"wp-image-467\" data-srcset=\"https:\/\/ciekawy.blog\/wp-content\/uploads\/2024\/06\/GMKhcBPXMAAsyBD-1024x576.jpeg 1024w, https:\/\/ciekawy.blog\/wp-content\/uploads\/2024\/06\/GMKhcBPXMAAsyBD-300x169.jpeg 300w, https:\/\/ciekawy.blog\/wp-content\/uploads\/2024\/06\/GMKhcBPXMAAsyBD-768x432.jpeg 768w, https:\/\/ciekawy.blog\/wp-content\/uploads\/2024\/06\/GMKhcBPXMAAsyBD-1536x864.jpeg 1536w, https:\/\/ciekawy.blog\/wp-content\/uploads\/2024\/06\/GMKhcBPXMAAsyBD-2048x1152.jpeg 2048w, https:\/\/ciekawy.blog\/wp-content\/uploads\/2024\/06\/GMKhcBPXMAAsyBD-100x56.jpeg 100w, https:\/\/ciekawy.blog\/wp-content\/uploads\/2024\/06\/GMKhcBPXMAAsyBD-700x394.jpeg 700w, https:\/\/ciekawy.blog\/wp-content\/uploads\/2024\/06\/GMKhcBPXMAAsyBD-1600x900.jpeg 1600w\" data-sizes=\"auto, (max-width: 1024px) 100vw, 1024px\" \/><\/a><\/figure>\n\n\n\n<p>A w\u0142a\u015bciwie \u2014 jak z przedszkolami \u2014 dwie, bo uznano, \u017ce dzieciaki z 10-tys. osiedla zim\u0105 nie zmieszcz\u0105 si\u0119 na jednej. S\u0142usznie, bo dzieciak\u00f3w ju\u017c mniej, ale nadal bywa ciasno.<\/p>\n\n\n\n<figure class=\"wp-block-image size-large\"><a href=\"https:\/\/ciekawy.blog\/wp-content\/uploads\/2024\/06\/GMKhrDxWMAAln1f-scaled.jpeg\"><img loading=\"lazy\" decoding=\"async\" width=\"1024\" height=\"576\" src=\"https:\/\/ciekawy.blog\/wp-content\/themes\/breek\/assets\/images\/transparent.gif\" data-lazy=\"true\" data-src=\"https:\/\/ciekawy.blog\/wp-content\/uploads\/2024\/06\/GMKhrDxWMAAln1f-1024x576.jpeg\" alt=\"G\u00f3rka saneczkowa na osiedlu w Krakowie\" class=\"wp-image-468\" data-srcset=\"https:\/\/ciekawy.blog\/wp-content\/uploads\/2024\/06\/GMKhrDxWMAAln1f-1024x576.jpeg 1024w, https:\/\/ciekawy.blog\/wp-content\/uploads\/2024\/06\/GMKhrDxWMAAln1f-300x169.jpeg 300w, https:\/\/ciekawy.blog\/wp-content\/uploads\/2024\/06\/GMKhrDxWMAAln1f-768x432.jpeg 768w, https:\/\/ciekawy.blog\/wp-content\/uploads\/2024\/06\/GMKhrDxWMAAln1f-1536x864.jpeg 1536w, https:\/\/ciekawy.blog\/wp-content\/uploads\/2024\/06\/GMKhrDxWMAAln1f-2048x1152.jpeg 2048w, https:\/\/ciekawy.blog\/wp-content\/uploads\/2024\/06\/GMKhrDxWMAAln1f-100x56.jpeg 100w, https:\/\/ciekawy.blog\/wp-content\/uploads\/2024\/06\/GMKhrDxWMAAln1f-700x394.jpeg 700w, https:\/\/ciekawy.blog\/wp-content\/uploads\/2024\/06\/GMKhrDxWMAAln1f-1600x900.jpeg 1600w\" data-sizes=\"auto, (max-width: 1024px) 100vw, 1024px\" \/><\/a><\/figure>\n\n\n\n<p>Z tego samego powodu wybudowano tak\u017ce&#8230;<\/p>\n\n\n\n<figure class=\"wp-block-image size-large\"><a href=\"https:\/\/ciekawy.blog\/wp-content\/uploads\/2024\/06\/GMKh1AdXwAAd4q6-scaled.jpeg\"><img loading=\"lazy\" decoding=\"async\" width=\"1024\" height=\"576\" src=\"https:\/\/ciekawy.blog\/wp-content\/themes\/breek\/assets\/images\/transparent.gif\" data-lazy=\"true\" data-src=\"https:\/\/ciekawy.blog\/wp-content\/uploads\/2024\/06\/GMKh1AdXwAAd4q6-1024x576.jpeg\" alt=\"\" class=\"wp-image-469\" data-srcset=\"https:\/\/ciekawy.blog\/wp-content\/uploads\/2024\/06\/GMKh1AdXwAAd4q6-1024x576.jpeg 1024w, https:\/\/ciekawy.blog\/wp-content\/uploads\/2024\/06\/GMKh1AdXwAAd4q6-300x169.jpeg 300w, https:\/\/ciekawy.blog\/wp-content\/uploads\/2024\/06\/GMKh1AdXwAAd4q6-768x432.jpeg 768w, https:\/\/ciekawy.blog\/wp-content\/uploads\/2024\/06\/GMKh1AdXwAAd4q6-1536x864.jpeg 1536w, https:\/\/ciekawy.blog\/wp-content\/uploads\/2024\/06\/GMKh1AdXwAAd4q6-2048x1152.jpeg 2048w, https:\/\/ciekawy.blog\/wp-content\/uploads\/2024\/06\/GMKh1AdXwAAd4q6-100x56.jpeg 100w, https:\/\/ciekawy.blog\/wp-content\/uploads\/2024\/06\/GMKh1AdXwAAd4q6-700x394.jpeg 700w, https:\/\/ciekawy.blog\/wp-content\/uploads\/2024\/06\/GMKh1AdXwAAd4q6-1600x900.jpeg 1600w\" data-sizes=\"auto, (max-width: 1024px) 100vw, 1024px\" \/><\/a><\/figure>\n\n\n\n<p>&#8230; dwie szko\u0142y.<\/p>\n\n\n\n<figure class=\"wp-block-image size-large\"><a href=\"https:\/\/ciekawy.blog\/wp-content\/uploads\/2024\/06\/GMKh-X_XkAAFUFD-scaled.jpeg\"><img loading=\"lazy\" decoding=\"async\" width=\"1024\" height=\"576\" src=\"https:\/\/ciekawy.blog\/wp-content\/themes\/breek\/assets\/images\/transparent.gif\" data-lazy=\"true\" data-src=\"https:\/\/ciekawy.blog\/wp-content\/uploads\/2024\/06\/GMKh-X_XkAAFUFD-1024x576.jpeg\" alt=\"Druga szko\u0142a na osiedlu Widok\" class=\"wp-image-470\" data-srcset=\"https:\/\/ciekawy.blog\/wp-content\/uploads\/2024\/06\/GMKh-X_XkAAFUFD-1024x576.jpeg 1024w, https:\/\/ciekawy.blog\/wp-content\/uploads\/2024\/06\/GMKh-X_XkAAFUFD-300x169.jpeg 300w, https:\/\/ciekawy.blog\/wp-content\/uploads\/2024\/06\/GMKh-X_XkAAFUFD-768x432.jpeg 768w, https:\/\/ciekawy.blog\/wp-content\/uploads\/2024\/06\/GMKh-X_XkAAFUFD-1536x864.jpeg 1536w, https:\/\/ciekawy.blog\/wp-content\/uploads\/2024\/06\/GMKh-X_XkAAFUFD-2048x1152.jpeg 2048w, https:\/\/ciekawy.blog\/wp-content\/uploads\/2024\/06\/GMKh-X_XkAAFUFD-100x56.jpeg 100w, https:\/\/ciekawy.blog\/wp-content\/uploads\/2024\/06\/GMKh-X_XkAAFUFD-700x394.jpeg 700w, https:\/\/ciekawy.blog\/wp-content\/uploads\/2024\/06\/GMKh-X_XkAAFUFD-1600x900.jpeg 1600w\" data-sizes=\"auto, (max-width: 1024px) 100vw, 1024px\" \/><\/a><\/figure>\n\n\n\n<p>Obok znajduje si\u0119 te\u017c klub sportowy z \u2014 te dobudowano p\u00f3\u017aniej, ale da\u0142o si\u0119 to zrobi\u0107 tylko dzi\u0119ki temu, \u017ce kto\u015b przewidzia\u0142 dla nich miejsce \u2014 basenem, hotelem, hal\u0105 sportow\u0105&#8230;<\/p>\n\n\n\n<figure class=\"wp-block-image size-large\"><a href=\"https:\/\/ciekawy.blog\/wp-content\/uploads\/2024\/06\/GMKiGjAW4AAhQhd-scaled.jpeg\"><img loading=\"lazy\" decoding=\"async\" width=\"1024\" height=\"576\" src=\"https:\/\/ciekawy.blog\/wp-content\/themes\/breek\/assets\/images\/transparent.gif\" data-lazy=\"true\" data-src=\"https:\/\/ciekawy.blog\/wp-content\/uploads\/2024\/06\/GMKiGjAW4AAhQhd-1024x576.jpeg\" alt=\"\" class=\"wp-image-471\" data-srcset=\"https:\/\/ciekawy.blog\/wp-content\/uploads\/2024\/06\/GMKiGjAW4AAhQhd-1024x576.jpeg 1024w, https:\/\/ciekawy.blog\/wp-content\/uploads\/2024\/06\/GMKiGjAW4AAhQhd-300x169.jpeg 300w, https:\/\/ciekawy.blog\/wp-content\/uploads\/2024\/06\/GMKiGjAW4AAhQhd-768x432.jpeg 768w, https:\/\/ciekawy.blog\/wp-content\/uploads\/2024\/06\/GMKiGjAW4AAhQhd-1536x864.jpeg 1536w, https:\/\/ciekawy.blog\/wp-content\/uploads\/2024\/06\/GMKiGjAW4AAhQhd-2048x1152.jpeg 2048w, https:\/\/ciekawy.blog\/wp-content\/uploads\/2024\/06\/GMKiGjAW4AAhQhd-100x56.jpeg 100w, https:\/\/ciekawy.blog\/wp-content\/uploads\/2024\/06\/GMKiGjAW4AAhQhd-700x394.jpeg 700w, https:\/\/ciekawy.blog\/wp-content\/uploads\/2024\/06\/GMKiGjAW4AAhQhd-1600x900.jpeg 1600w\" data-sizes=\"auto, (max-width: 1024px) 100vw, 1024px\" \/><\/a><\/figure>\n\n\n\n<p>&#8230;oraz tzw. balonem dla mi\u0142o\u015bnik\u00f3w tenisa.<\/p>\n\n\n\n<figure class=\"wp-block-image size-large\"><a href=\"https:\/\/ciekawy.blog\/wp-content\/uploads\/2024\/06\/GMKiZa5WIAIzlWW-1-scaled.jpeg\"><img loading=\"lazy\" decoding=\"async\" width=\"1024\" height=\"576\" src=\"https:\/\/ciekawy.blog\/wp-content\/themes\/breek\/assets\/images\/transparent.gif\" data-lazy=\"true\" data-src=\"https:\/\/ciekawy.blog\/wp-content\/uploads\/2024\/06\/GMKiZa5WIAIzlWW-1-1024x576.jpeg\" alt=\"Balon Sport Osiedla z PRL\" class=\"wp-image-474\" data-srcset=\"https:\/\/ciekawy.blog\/wp-content\/uploads\/2024\/06\/GMKiZa5WIAIzlWW-1-1024x576.jpeg 1024w, https:\/\/ciekawy.blog\/wp-content\/uploads\/2024\/06\/GMKiZa5WIAIzlWW-1-300x169.jpeg 300w, https:\/\/ciekawy.blog\/wp-content\/uploads\/2024\/06\/GMKiZa5WIAIzlWW-1-768x432.jpeg 768w, https:\/\/ciekawy.blog\/wp-content\/uploads\/2024\/06\/GMKiZa5WIAIzlWW-1-1536x864.jpeg 1536w, https:\/\/ciekawy.blog\/wp-content\/uploads\/2024\/06\/GMKiZa5WIAIzlWW-1-2048x1152.jpeg 2048w, https:\/\/ciekawy.blog\/wp-content\/uploads\/2024\/06\/GMKiZa5WIAIzlWW-1-100x56.jpeg 100w, https:\/\/ciekawy.blog\/wp-content\/uploads\/2024\/06\/GMKiZa5WIAIzlWW-1-700x394.jpeg 700w, https:\/\/ciekawy.blog\/wp-content\/uploads\/2024\/06\/GMKiZa5WIAIzlWW-1-1600x900.jpeg 1600w\" data-sizes=\"auto, (max-width: 1024px) 100vw, 1024px\" \/><\/a><\/figure>\n\n\n\n<p>Ale to oczywi\u015bcie nie wszystko z tego, co w latach 70. XX w. uwa\u017cano za minimum infrastruktury potrzebnej 10 tys. ludzi do \u017cycia w mie\u015bcie. Jest te\u017c park.<\/p>\n\n\n\n<figure class=\"wp-block-image size-large is-resized\"><a href=\"https:\/\/ciekawy.blog\/wp-content\/uploads\/2024\/06\/GMKikzUXkAAJEHQ-scaled.jpeg\"><img loading=\"lazy\" decoding=\"async\" width=\"1024\" height=\"576\" src=\"https:\/\/ciekawy.blog\/wp-content\/themes\/breek\/assets\/images\/transparent.gif\" data-lazy=\"true\" data-src=\"https:\/\/ciekawy.blog\/wp-content\/uploads\/2024\/06\/GMKikzUXkAAJEHQ-1024x576.jpeg\" alt=\"Osiedla z PRL maj\u0105 ziele\u0144\" class=\"wp-image-475\" style=\"width:689px;height:auto\" data-srcset=\"https:\/\/ciekawy.blog\/wp-content\/uploads\/2024\/06\/GMKikzUXkAAJEHQ-1024x576.jpeg 1024w, https:\/\/ciekawy.blog\/wp-content\/uploads\/2024\/06\/GMKikzUXkAAJEHQ-300x169.jpeg 300w, https:\/\/ciekawy.blog\/wp-content\/uploads\/2024\/06\/GMKikzUXkAAJEHQ-768x432.jpeg 768w, https:\/\/ciekawy.blog\/wp-content\/uploads\/2024\/06\/GMKikzUXkAAJEHQ-1536x864.jpeg 1536w, https:\/\/ciekawy.blog\/wp-content\/uploads\/2024\/06\/GMKikzUXkAAJEHQ-2048x1152.jpeg 2048w, https:\/\/ciekawy.blog\/wp-content\/uploads\/2024\/06\/GMKikzUXkAAJEHQ-100x56.jpeg 100w, https:\/\/ciekawy.blog\/wp-content\/uploads\/2024\/06\/GMKikzUXkAAJEHQ-700x394.jpeg 700w, https:\/\/ciekawy.blog\/wp-content\/uploads\/2024\/06\/GMKikzUXkAAJEHQ-1600x900.jpeg 1600w\" data-sizes=\"auto, (max-width: 1024px) 100vw, 1024px\" \/><\/a><\/figure>\n\n\n\n<p>W kt\u00f3rym dzi\u015b uda\u0142o si\u0119 pomie\u015bci\u0107 mi\u0119dzy innymi si\u0142owni\u0119 dla doros\u0142ych. Tak by \u2014 tu wracamy do &#8222;idei urbanistycznej&#8221; Bienia, kt\u00f3ry projektowa\u0142 osiedla z PRL \u2014 na przyk\u0142ad mieszkaj\u0105cy na osiedlu seniorzy mieli si\u0119 gdzie spotka\u0107.<\/p>\n\n\n\n<figure class=\"wp-block-image size-large\"><a href=\"https:\/\/ciekawy.blog\/wp-content\/uploads\/2024\/06\/GMKiv0IXsAAuoms-scaled.jpeg\"><img loading=\"lazy\" decoding=\"async\" width=\"1024\" height=\"576\" src=\"https:\/\/ciekawy.blog\/wp-content\/themes\/breek\/assets\/images\/transparent.gif\" data-lazy=\"true\" data-src=\"https:\/\/ciekawy.blog\/wp-content\/uploads\/2024\/06\/GMKiv0IXsAAuoms-1024x576.jpeg\" alt=\"Osiedla z PRL i przestrze\u0144\" class=\"wp-image-476\" data-srcset=\"https:\/\/ciekawy.blog\/wp-content\/uploads\/2024\/06\/GMKiv0IXsAAuoms-1024x576.jpeg 1024w, https:\/\/ciekawy.blog\/wp-content\/uploads\/2024\/06\/GMKiv0IXsAAuoms-300x169.jpeg 300w, https:\/\/ciekawy.blog\/wp-content\/uploads\/2024\/06\/GMKiv0IXsAAuoms-768x432.jpeg 768w, https:\/\/ciekawy.blog\/wp-content\/uploads\/2024\/06\/GMKiv0IXsAAuoms-1536x864.jpeg 1536w, https:\/\/ciekawy.blog\/wp-content\/uploads\/2024\/06\/GMKiv0IXsAAuoms-2048x1152.jpeg 2048w, https:\/\/ciekawy.blog\/wp-content\/uploads\/2024\/06\/GMKiv0IXsAAuoms-100x56.jpeg 100w, https:\/\/ciekawy.blog\/wp-content\/uploads\/2024\/06\/GMKiv0IXsAAuoms-700x394.jpeg 700w, https:\/\/ciekawy.blog\/wp-content\/uploads\/2024\/06\/GMKiv0IXsAAuoms-1600x900.jpeg 1600w\" data-sizes=\"auto, (max-width: 1024px) 100vw, 1024px\" \/><\/a><\/figure>\n\n\n\n<p>Jest te\u017c przychodnia, bo ludzie choruj\u0105. Tak\u017ce pediatryczna, by mieszkaj\u0105ce na osiedlu dzieciaki (te z dw\u00f3ch szk\u00f3\u0142 i dw\u00f3ch przedszkoli) mia\u0142y zapewniony \u0142atwy dost\u0119p do opieki lekarskiej.<\/p>\n\n\n\n<figure class=\"wp-block-image size-large is-resized\"><a href=\"https:\/\/ciekawy.blog\/wp-content\/uploads\/2024\/06\/GMKi59EWEAAbGmI-scaled.jpeg\"><img loading=\"lazy\" decoding=\"async\" width=\"1024\" height=\"576\" src=\"https:\/\/ciekawy.blog\/wp-content\/themes\/breek\/assets\/images\/transparent.gif\" data-lazy=\"true\" data-src=\"https:\/\/ciekawy.blog\/wp-content\/uploads\/2024\/06\/GMKi59EWEAAbGmI-1024x576.jpeg\" alt=\"Przychodnia zdrowia na Osiedlu Widok w Krakowie\" class=\"wp-image-477\" style=\"width:689px;height:auto\" data-srcset=\"https:\/\/ciekawy.blog\/wp-content\/uploads\/2024\/06\/GMKi59EWEAAbGmI-1024x576.jpeg 1024w, https:\/\/ciekawy.blog\/wp-content\/uploads\/2024\/06\/GMKi59EWEAAbGmI-300x169.jpeg 300w, https:\/\/ciekawy.blog\/wp-content\/uploads\/2024\/06\/GMKi59EWEAAbGmI-768x432.jpeg 768w, https:\/\/ciekawy.blog\/wp-content\/uploads\/2024\/06\/GMKi59EWEAAbGmI-1536x864.jpeg 1536w, https:\/\/ciekawy.blog\/wp-content\/uploads\/2024\/06\/GMKi59EWEAAbGmI-2048x1152.jpeg 2048w, https:\/\/ciekawy.blog\/wp-content\/uploads\/2024\/06\/GMKi59EWEAAbGmI-100x56.jpeg 100w, https:\/\/ciekawy.blog\/wp-content\/uploads\/2024\/06\/GMKi59EWEAAbGmI-700x394.jpeg 700w, https:\/\/ciekawy.blog\/wp-content\/uploads\/2024\/06\/GMKi59EWEAAbGmI-1600x900.jpeg 1600w\" data-sizes=\"auto, (max-width: 1024px) 100vw, 1024px\" \/><\/a><\/figure>\n\n\n\n<p>Dla korzystaj\u0105cych jest te\u017c ko\u015bci\u00f3\u0142.<\/p>\n\n\n\n<figure class=\"wp-block-image size-large\"><a href=\"https:\/\/ciekawy.blog\/wp-content\/uploads\/2024\/06\/GMKjV6nXMAUnla_-scaled.jpeg\"><img loading=\"lazy\" decoding=\"async\" width=\"1024\" height=\"576\" src=\"https:\/\/ciekawy.blog\/wp-content\/themes\/breek\/assets\/images\/transparent.gif\" data-lazy=\"true\" data-src=\"https:\/\/ciekawy.blog\/wp-content\/uploads\/2024\/06\/GMKjV6nXMAUnla_-1024x576.jpeg\" alt=\"Ko\u015bci\u00f3\u0142 \u015bw. Jana Kantego\" class=\"wp-image-478\" data-srcset=\"https:\/\/ciekawy.blog\/wp-content\/uploads\/2024\/06\/GMKjV6nXMAUnla_-1024x576.jpeg 1024w, https:\/\/ciekawy.blog\/wp-content\/uploads\/2024\/06\/GMKjV6nXMAUnla_-300x169.jpeg 300w, https:\/\/ciekawy.blog\/wp-content\/uploads\/2024\/06\/GMKjV6nXMAUnla_-768x432.jpeg 768w, https:\/\/ciekawy.blog\/wp-content\/uploads\/2024\/06\/GMKjV6nXMAUnla_-1536x864.jpeg 1536w, https:\/\/ciekawy.blog\/wp-content\/uploads\/2024\/06\/GMKjV6nXMAUnla_-2048x1152.jpeg 2048w, https:\/\/ciekawy.blog\/wp-content\/uploads\/2024\/06\/GMKjV6nXMAUnla_-100x56.jpeg 100w, https:\/\/ciekawy.blog\/wp-content\/uploads\/2024\/06\/GMKjV6nXMAUnla_-700x394.jpeg 700w, https:\/\/ciekawy.blog\/wp-content\/uploads\/2024\/06\/GMKjV6nXMAUnla_-1600x900.jpeg 1600w\" data-sizes=\"auto, (max-width: 1024px) 100vw, 1024px\" \/><\/a><\/figure>\n\n\n\n<p>Oraz alejka, na kt\u00f3r\u0105 przyje\u017cd\u017caj\u0105 ostatnio instagramerzy z ca\u0142ego miasta, by zrobi\u0107 sobie \u0142adn\u0105 fotk\u0119 mi\u0119dzy drzewkami. Te posadzono niedawno, ale \u2014 zn\u00f3w \u2014 by\u0142o gdzie je posadzi\u0107, bo kto\u015b to tak zaplanowa\u0142.<\/p>\n\n\n\n<figure class=\"wp-block-image size-large\"><a href=\"https:\/\/ciekawy.blog\/wp-content\/uploads\/2024\/06\/GMKjo4ZWoAAT9VF-scaled.jpeg\"><img loading=\"lazy\" decoding=\"async\" width=\"1024\" height=\"576\" src=\"https:\/\/ciekawy.blog\/wp-content\/themes\/breek\/assets\/images\/transparent.gif\" data-lazy=\"true\" data-src=\"https:\/\/ciekawy.blog\/wp-content\/uploads\/2024\/06\/GMKjo4ZWoAAT9VF-1024x576.jpeg\" alt=\"Osiedla z PRL. Miejsca dla instagramer\u00f3w\" class=\"wp-image-479\" data-srcset=\"https:\/\/ciekawy.blog\/wp-content\/uploads\/2024\/06\/GMKjo4ZWoAAT9VF-1024x576.jpeg 1024w, https:\/\/ciekawy.blog\/wp-content\/uploads\/2024\/06\/GMKjo4ZWoAAT9VF-300x169.jpeg 300w, https:\/\/ciekawy.blog\/wp-content\/uploads\/2024\/06\/GMKjo4ZWoAAT9VF-768x432.jpeg 768w, https:\/\/ciekawy.blog\/wp-content\/uploads\/2024\/06\/GMKjo4ZWoAAT9VF-1536x864.jpeg 1536w, https:\/\/ciekawy.blog\/wp-content\/uploads\/2024\/06\/GMKjo4ZWoAAT9VF-2048x1152.jpeg 2048w, https:\/\/ciekawy.blog\/wp-content\/uploads\/2024\/06\/GMKjo4ZWoAAT9VF-100x56.jpeg 100w, https:\/\/ciekawy.blog\/wp-content\/uploads\/2024\/06\/GMKjo4ZWoAAT9VF-700x394.jpeg 700w, https:\/\/ciekawy.blog\/wp-content\/uploads\/2024\/06\/GMKjo4ZWoAAT9VF-1600x900.jpeg 1600w\" data-sizes=\"auto, (max-width: 1024px) 100vw, 1024px\" \/><\/a><\/figure>\n\n\n\n<p>Jest boisko. Kt\u00f3re \u2014 nawiasem m\u00f3wi\u0105c \u2014 chciano kiedy\u015b zabudowa\u0107, ale kiedy prezes sp\u00f3\u0142dzielni zrozumia\u0142, \u017ce realizacja tego planu b\u0119dzie oznacza\u0107, \u017ce mieszka\u0144cy osiedla zapukaj\u0105 do niego z taczkami, porzucono go. Cho\u0107 tak w og\u00f3le to boisk jest wi\u0119cej, wi\u0119c da\u0142oby si\u0119 pewnie t\u0142umaczy\u0107, \u017ce nic takiego si\u0119 nie sta\u0142o.<\/p>\n\n\n\n<figure class=\"wp-block-image size-large\"><a href=\"https:\/\/ciekawy.blog\/wp-content\/uploads\/2024\/06\/GMKkFEGWsAArPAT-scaled.jpeg\"><img loading=\"lazy\" decoding=\"async\" width=\"1024\" height=\"576\" src=\"https:\/\/ciekawy.blog\/wp-content\/themes\/breek\/assets\/images\/transparent.gif\" data-lazy=\"true\" data-src=\"https:\/\/ciekawy.blog\/wp-content\/uploads\/2024\/06\/GMKkFEGWsAArPAT-1024x576.jpeg\" alt=\"\u0141amaniec na osiedlu Widok\" class=\"wp-image-480\" data-srcset=\"https:\/\/ciekawy.blog\/wp-content\/uploads\/2024\/06\/GMKkFEGWsAArPAT-1024x576.jpeg 1024w, https:\/\/ciekawy.blog\/wp-content\/uploads\/2024\/06\/GMKkFEGWsAArPAT-300x169.jpeg 300w, https:\/\/ciekawy.blog\/wp-content\/uploads\/2024\/06\/GMKkFEGWsAArPAT-768x432.jpeg 768w, https:\/\/ciekawy.blog\/wp-content\/uploads\/2024\/06\/GMKkFEGWsAArPAT-1536x864.jpeg 1536w, https:\/\/ciekawy.blog\/wp-content\/uploads\/2024\/06\/GMKkFEGWsAArPAT-2048x1152.jpeg 2048w, https:\/\/ciekawy.blog\/wp-content\/uploads\/2024\/06\/GMKkFEGWsAArPAT-100x56.jpeg 100w, https:\/\/ciekawy.blog\/wp-content\/uploads\/2024\/06\/GMKkFEGWsAArPAT-700x394.jpeg 700w, https:\/\/ciekawy.blog\/wp-content\/uploads\/2024\/06\/GMKkFEGWsAArPAT-1600x900.jpeg 1600w\" data-sizes=\"auto, (max-width: 1024px) 100vw, 1024px\" \/><\/a><\/figure>\n\n\n\n<p>Transport? Oczywi\u015bcie. To wa\u017cne i nie mo\u017cna zapomnie\u0107. W ko\u0144cu dzi\u015b wystarczy tramwaj obok osiedla, by uzna\u0107 je za wzorowe. A zatem z jednej strony &#8222;Widoku&#8221; \u2014 zaplanowanego dla 10 tys. ludzi \u2014 mamy przystanek autobusowy. Na kt\u00f3ry doje\u017cd\u017ca kilka linii.<\/p>\n\n\n\n<figure class=\"wp-block-image size-large\"><a href=\"https:\/\/ciekawy.blog\/wp-content\/uploads\/2024\/06\/GMKj_qZW4AAPb6P-scaled.jpeg\"><img loading=\"lazy\" decoding=\"async\" width=\"1024\" height=\"576\" src=\"https:\/\/ciekawy.blog\/wp-content\/themes\/breek\/assets\/images\/transparent.gif\" data-lazy=\"true\" data-src=\"https:\/\/ciekawy.blog\/wp-content\/uploads\/2024\/06\/GMKj_qZW4AAPb6P-1024x576.jpeg\" alt=\"Autobusy Krak\u00f3w\" class=\"wp-image-481\" data-srcset=\"https:\/\/ciekawy.blog\/wp-content\/uploads\/2024\/06\/GMKj_qZW4AAPb6P-1024x576.jpeg 1024w, https:\/\/ciekawy.blog\/wp-content\/uploads\/2024\/06\/GMKj_qZW4AAPb6P-300x169.jpeg 300w, https:\/\/ciekawy.blog\/wp-content\/uploads\/2024\/06\/GMKj_qZW4AAPb6P-768x432.jpeg 768w, https:\/\/ciekawy.blog\/wp-content\/uploads\/2024\/06\/GMKj_qZW4AAPb6P-1536x864.jpeg 1536w, https:\/\/ciekawy.blog\/wp-content\/uploads\/2024\/06\/GMKj_qZW4AAPb6P-2048x1152.jpeg 2048w, https:\/\/ciekawy.blog\/wp-content\/uploads\/2024\/06\/GMKj_qZW4AAPb6P-100x56.jpeg 100w, https:\/\/ciekawy.blog\/wp-content\/uploads\/2024\/06\/GMKj_qZW4AAPb6P-700x394.jpeg 700w, https:\/\/ciekawy.blog\/wp-content\/uploads\/2024\/06\/GMKj_qZW4AAPb6P-1600x900.jpeg 1600w\" data-sizes=\"auto, (max-width: 1024px) 100vw, 1024px\" \/><\/a><\/figure>\n\n\n\n<p>Z drugiej jest p\u0119tla tramwajowa, z kt\u00f3rej od zawsze odje\u017cd\u017ca co\u015b co mniej wi\u0119cej 3 do 8 minut.<\/p>\n\n\n\n<figure class=\"wp-block-image size-large\"><a href=\"https:\/\/ciekawy.blog\/wp-content\/uploads\/2024\/06\/GMKkrt2WEAAM_FL-scaled.jpeg\"><img loading=\"lazy\" decoding=\"async\" width=\"1024\" height=\"576\" src=\"https:\/\/ciekawy.blog\/wp-content\/themes\/breek\/assets\/images\/transparent.gif\" data-lazy=\"true\" data-src=\"https:\/\/ciekawy.blog\/wp-content\/uploads\/2024\/06\/GMKkrt2WEAAM_FL-1024x576.jpeg\" alt=\"P\u0119tla tramwajowa na osiedlu Widok w Krakowie\" class=\"wp-image-482\" data-srcset=\"https:\/\/ciekawy.blog\/wp-content\/uploads\/2024\/06\/GMKkrt2WEAAM_FL-1024x576.jpeg 1024w, https:\/\/ciekawy.blog\/wp-content\/uploads\/2024\/06\/GMKkrt2WEAAM_FL-300x169.jpeg 300w, https:\/\/ciekawy.blog\/wp-content\/uploads\/2024\/06\/GMKkrt2WEAAM_FL-768x432.jpeg 768w, https:\/\/ciekawy.blog\/wp-content\/uploads\/2024\/06\/GMKkrt2WEAAM_FL-1536x864.jpeg 1536w, https:\/\/ciekawy.blog\/wp-content\/uploads\/2024\/06\/GMKkrt2WEAAM_FL-2048x1152.jpeg 2048w, https:\/\/ciekawy.blog\/wp-content\/uploads\/2024\/06\/GMKkrt2WEAAM_FL-100x56.jpeg 100w, https:\/\/ciekawy.blog\/wp-content\/uploads\/2024\/06\/GMKkrt2WEAAM_FL-700x394.jpeg 700w, https:\/\/ciekawy.blog\/wp-content\/uploads\/2024\/06\/GMKkrt2WEAAM_FL-1600x900.jpeg 1600w\" data-sizes=\"auto, (max-width: 1024px) 100vw, 1024px\" \/><\/a><\/figure>\n\n\n\n<p>I jest stacja kolejki aglomeracyjnej, kt\u00f3r\u0105 zbudowano niedawno, ale zaplanowano jeszcze w latach 70. Wtedy, gdy powstawa\u0142o osiedle.<\/p>\n\n\n\n<figure class=\"wp-block-image size-large is-resized\"><a href=\"https:\/\/ciekawy.blog\/wp-content\/uploads\/2024\/06\/GMKlAY2WoAEQVTI-scaled.jpeg\"><img loading=\"lazy\" decoding=\"async\" width=\"1024\" height=\"576\" src=\"https:\/\/ciekawy.blog\/wp-content\/themes\/breek\/assets\/images\/transparent.gif\" data-lazy=\"true\" data-src=\"https:\/\/ciekawy.blog\/wp-content\/uploads\/2024\/06\/GMKlAY2WoAEQVTI-1024x576.jpeg\" alt=\"\" class=\"wp-image-483\" style=\"width:689px;height:auto\" data-srcset=\"https:\/\/ciekawy.blog\/wp-content\/uploads\/2024\/06\/GMKlAY2WoAEQVTI-1024x576.jpeg 1024w, https:\/\/ciekawy.blog\/wp-content\/uploads\/2024\/06\/GMKlAY2WoAEQVTI-300x169.jpeg 300w, https:\/\/ciekawy.blog\/wp-content\/uploads\/2024\/06\/GMKlAY2WoAEQVTI-768x432.jpeg 768w, https:\/\/ciekawy.blog\/wp-content\/uploads\/2024\/06\/GMKlAY2WoAEQVTI-1536x864.jpeg 1536w, https:\/\/ciekawy.blog\/wp-content\/uploads\/2024\/06\/GMKlAY2WoAEQVTI-2048x1152.jpeg 2048w, https:\/\/ciekawy.blog\/wp-content\/uploads\/2024\/06\/GMKlAY2WoAEQVTI-100x56.jpeg 100w, https:\/\/ciekawy.blog\/wp-content\/uploads\/2024\/06\/GMKlAY2WoAEQVTI-700x394.jpeg 700w, https:\/\/ciekawy.blog\/wp-content\/uploads\/2024\/06\/GMKlAY2WoAEQVTI-1600x900.jpeg 1600w\" data-sizes=\"auto, (max-width: 1024px) 100vw, 1024px\" \/><\/a><\/figure>\n\n\n\n<p>Poczta? Cyk.<\/p>\n\n\n\n<figure class=\"wp-block-image size-large\"><img loading=\"lazy\" decoding=\"async\" width=\"1024\" height=\"576\" src=\"https:\/\/ciekawy.blog\/wp-content\/themes\/breek\/assets\/images\/transparent.gif\" data-lazy=\"true\" data-src=\"https:\/\/ciekawy.blog\/wp-content\/uploads\/2024\/06\/GMKlFFVWMAAGRnp-1024x576.jpeg\" alt=\"Poczta na osiedlu Widok w Krakowie\" class=\"wp-image-484\" data-srcset=\"https:\/\/ciekawy.blog\/wp-content\/uploads\/2024\/06\/GMKlFFVWMAAGRnp-1024x576.jpeg 1024w, https:\/\/ciekawy.blog\/wp-content\/uploads\/2024\/06\/GMKlFFVWMAAGRnp-300x169.jpeg 300w, https:\/\/ciekawy.blog\/wp-content\/uploads\/2024\/06\/GMKlFFVWMAAGRnp-768x432.jpeg 768w, https:\/\/ciekawy.blog\/wp-content\/uploads\/2024\/06\/GMKlFFVWMAAGRnp-1536x864.jpeg 1536w, https:\/\/ciekawy.blog\/wp-content\/uploads\/2024\/06\/GMKlFFVWMAAGRnp-2048x1152.jpeg 2048w, https:\/\/ciekawy.blog\/wp-content\/uploads\/2024\/06\/GMKlFFVWMAAGRnp-100x56.jpeg 100w, https:\/\/ciekawy.blog\/wp-content\/uploads\/2024\/06\/GMKlFFVWMAAGRnp-700x394.jpeg 700w, https:\/\/ciekawy.blog\/wp-content\/uploads\/2024\/06\/GMKlFFVWMAAGRnp-1600x900.jpeg 1600w\" data-sizes=\"auto, (max-width: 1024px) 100vw, 1024px\" \/><\/figure>\n\n\n\n<p>Sklepy?<\/p>\n\n\n\n<figure class=\"wp-block-image size-large\"><a href=\"https:\/\/ciekawy.blog\/wp-content\/uploads\/2024\/06\/GMKlcMpWAAADkn9-scaled.jpeg\"><img loading=\"lazy\" decoding=\"async\" width=\"1024\" height=\"576\" src=\"https:\/\/ciekawy.blog\/wp-content\/themes\/breek\/assets\/images\/transparent.gif\" data-lazy=\"true\" data-src=\"https:\/\/ciekawy.blog\/wp-content\/uploads\/2024\/06\/GMKlcMpWAAADkn9-1024x576.jpeg\" alt=\"Lewiatan na osiedlu Widok w Krakowie\" class=\"wp-image-485\" data-srcset=\"https:\/\/ciekawy.blog\/wp-content\/uploads\/2024\/06\/GMKlcMpWAAADkn9-1024x576.jpeg 1024w, https:\/\/ciekawy.blog\/wp-content\/uploads\/2024\/06\/GMKlcMpWAAADkn9-300x169.jpeg 300w, https:\/\/ciekawy.blog\/wp-content\/uploads\/2024\/06\/GMKlcMpWAAADkn9-768x432.jpeg 768w, https:\/\/ciekawy.blog\/wp-content\/uploads\/2024\/06\/GMKlcMpWAAADkn9-1536x864.jpeg 1536w, https:\/\/ciekawy.blog\/wp-content\/uploads\/2024\/06\/GMKlcMpWAAADkn9-2048x1152.jpeg 2048w, https:\/\/ciekawy.blog\/wp-content\/uploads\/2024\/06\/GMKlcMpWAAADkn9-100x56.jpeg 100w, https:\/\/ciekawy.blog\/wp-content\/uploads\/2024\/06\/GMKlcMpWAAADkn9-700x394.jpeg 700w, https:\/\/ciekawy.blog\/wp-content\/uploads\/2024\/06\/GMKlcMpWAAADkn9-1600x900.jpeg 1600w\" data-sizes=\"auto, (max-width: 1024px) 100vw, 1024px\" \/><\/a><\/figure>\n\n\n\n<p>Dwa. \u017beby nie trzeba by\u0142o chodzi\u0107 \u2014 lub je\u017adzi\u0107 \u2014 za daleko.<\/p>\n\n\n\n<figure class=\"wp-block-image size-large is-resized\"><a href=\"https:\/\/ciekawy.blog\/wp-content\/uploads\/2024\/06\/GMKlwXJWgAAJMin-scaled.jpeg\"><img loading=\"lazy\" decoding=\"async\" width=\"1024\" height=\"576\" src=\"https:\/\/ciekawy.blog\/wp-content\/themes\/breek\/assets\/images\/transparent.gif\" data-lazy=\"true\" data-src=\"https:\/\/ciekawy.blog\/wp-content\/uploads\/2024\/06\/GMKlwXJWgAAJMin-1024x576.jpeg\" alt=\"\" class=\"wp-image-486\" style=\"width:689px;height:auto\" data-srcset=\"https:\/\/ciekawy.blog\/wp-content\/uploads\/2024\/06\/GMKlwXJWgAAJMin-1024x576.jpeg 1024w, https:\/\/ciekawy.blog\/wp-content\/uploads\/2024\/06\/GMKlwXJWgAAJMin-300x169.jpeg 300w, https:\/\/ciekawy.blog\/wp-content\/uploads\/2024\/06\/GMKlwXJWgAAJMin-768x432.jpeg 768w, https:\/\/ciekawy.blog\/wp-content\/uploads\/2024\/06\/GMKlwXJWgAAJMin-1536x864.jpeg 1536w, https:\/\/ciekawy.blog\/wp-content\/uploads\/2024\/06\/GMKlwXJWgAAJMin-2048x1152.jpeg 2048w, https:\/\/ciekawy.blog\/wp-content\/uploads\/2024\/06\/GMKlwXJWgAAJMin-100x56.jpeg 100w, https:\/\/ciekawy.blog\/wp-content\/uploads\/2024\/06\/GMKlwXJWgAAJMin-700x394.jpeg 700w, https:\/\/ciekawy.blog\/wp-content\/uploads\/2024\/06\/GMKlwXJWgAAJMin-1600x900.jpeg 1600w\" data-sizes=\"auto, (max-width: 1024px) 100vw, 1024px\" \/><\/a><\/figure>\n\n\n\n<p>Dom kultury z bibliotek\u0105? Check.<\/p>\n\n\n\n<figure class=\"wp-block-image size-large\"><a href=\"https:\/\/ciekawy.blog\/wp-content\/uploads\/2024\/06\/GMKl1-1XAAA_m_M-scaled.jpeg\"><img loading=\"lazy\" decoding=\"async\" width=\"1024\" height=\"576\" src=\"https:\/\/ciekawy.blog\/wp-content\/themes\/breek\/assets\/images\/transparent.gif\" data-lazy=\"true\" data-src=\"https:\/\/ciekawy.blog\/wp-content\/uploads\/2024\/06\/GMKl1-1XAAA_m_M-1024x576.jpeg\" alt=\"Jordan\u00f3wka na osiedlu Widok w Krakowie Osiedla z PRL\" class=\"wp-image-487\" data-srcset=\"https:\/\/ciekawy.blog\/wp-content\/uploads\/2024\/06\/GMKl1-1XAAA_m_M-1024x576.jpeg 1024w, https:\/\/ciekawy.blog\/wp-content\/uploads\/2024\/06\/GMKl1-1XAAA_m_M-300x169.jpeg 300w, https:\/\/ciekawy.blog\/wp-content\/uploads\/2024\/06\/GMKl1-1XAAA_m_M-768x432.jpeg 768w, https:\/\/ciekawy.blog\/wp-content\/uploads\/2024\/06\/GMKl1-1XAAA_m_M-1536x864.jpeg 1536w, https:\/\/ciekawy.blog\/wp-content\/uploads\/2024\/06\/GMKl1-1XAAA_m_M-2048x1152.jpeg 2048w, https:\/\/ciekawy.blog\/wp-content\/uploads\/2024\/06\/GMKl1-1XAAA_m_M-100x56.jpeg 100w, https:\/\/ciekawy.blog\/wp-content\/uploads\/2024\/06\/GMKl1-1XAAA_m_M-700x394.jpeg 700w, https:\/\/ciekawy.blog\/wp-content\/uploads\/2024\/06\/GMKl1-1XAAA_m_M-1600x900.jpeg 1600w\" data-sizes=\"auto, (max-width: 1024px) 100vw, 1024px\" \/><\/a><figcaption class=\"wp-element-caption\">Osiedla z PRL dba\u0142y o infrastruktur\u0119 spo\u0142eczn\u0105.<\/figcaption><\/figure>\n\n\n\n<p>Jest nawet &#8222;kawiarenka&#8221; dla lokals\u00f3w.<\/p>\n\n\n\n<figure class=\"wp-block-image size-large\"><a href=\"https:\/\/ciekawy.blog\/wp-content\/uploads\/2024\/06\/GMKlLZeWMAAQTg6-scaled.jpeg\"><img loading=\"lazy\" decoding=\"async\" width=\"1024\" height=\"576\" src=\"https:\/\/ciekawy.blog\/wp-content\/themes\/breek\/assets\/images\/transparent.gif\" data-lazy=\"true\" data-src=\"https:\/\/ciekawy.blog\/wp-content\/uploads\/2024\/06\/GMKlLZeWMAAQTg6-1024x576.jpeg\" alt=\"Kawiarenka Paragraf 22 na Widoku Mordownia\" class=\"wp-image-488\" data-srcset=\"https:\/\/ciekawy.blog\/wp-content\/uploads\/2024\/06\/GMKlLZeWMAAQTg6-1024x576.jpeg 1024w, https:\/\/ciekawy.blog\/wp-content\/uploads\/2024\/06\/GMKlLZeWMAAQTg6-300x169.jpeg 300w, https:\/\/ciekawy.blog\/wp-content\/uploads\/2024\/06\/GMKlLZeWMAAQTg6-768x432.jpeg 768w, https:\/\/ciekawy.blog\/wp-content\/uploads\/2024\/06\/GMKlLZeWMAAQTg6-1536x864.jpeg 1536w, https:\/\/ciekawy.blog\/wp-content\/uploads\/2024\/06\/GMKlLZeWMAAQTg6-2048x1152.jpeg 2048w, https:\/\/ciekawy.blog\/wp-content\/uploads\/2024\/06\/GMKlLZeWMAAQTg6-100x56.jpeg 100w, https:\/\/ciekawy.blog\/wp-content\/uploads\/2024\/06\/GMKlLZeWMAAQTg6-700x394.jpeg 700w, https:\/\/ciekawy.blog\/wp-content\/uploads\/2024\/06\/GMKlLZeWMAAQTg6-1600x900.jpeg 1600w\" data-sizes=\"auto, (max-width: 1024px) 100vw, 1024px\" \/><\/a><\/figure>\n\n\n\n<p>Czy to jednak oznacza, \u017ce jest to jaki\u015b &#8222;raj&#8221;? W \u017cadnym wypadku. To PRL-owskie minimum maj\u0105ce zapewni\u0107 dobre miejskie \u017cycie klasie robotniczej i inteligencji pracuj\u0105cej. Dzi\u015b problemem jest ju\u017c na przyk\u0142ad jako\u015b\u0107 mieszka\u0144 i budynk\u00f3w. Ta na og\u00f3\u0142 znacznie ust\u0119puje tej z tzw. nowego budownictwa. Dla wielu kwesti\u0105 mo\u017ce by\u0107 te\u017c estetyka&#8230;<\/p>\n\n\n\n<figure class=\"wp-block-image size-large\"><a href=\"https:\/\/ciekawy.blog\/wp-content\/uploads\/2024\/06\/GMKmULcWQAAXUL9-scaled.jpeg\"><img loading=\"lazy\" decoding=\"async\" width=\"1024\" height=\"576\" src=\"https:\/\/ciekawy.blog\/wp-content\/themes\/breek\/assets\/images\/transparent.gif\" data-lazy=\"true\" data-src=\"https:\/\/ciekawy.blog\/wp-content\/uploads\/2024\/06\/GMKmULcWQAAXUL9-1024x576.jpeg\" alt=\"Architektura lat 90 XX wieku przyk\u0142ady\" class=\"wp-image-489\" data-srcset=\"https:\/\/ciekawy.blog\/wp-content\/uploads\/2024\/06\/GMKmULcWQAAXUL9-1024x576.jpeg 1024w, https:\/\/ciekawy.blog\/wp-content\/uploads\/2024\/06\/GMKmULcWQAAXUL9-300x169.jpeg 300w, https:\/\/ciekawy.blog\/wp-content\/uploads\/2024\/06\/GMKmULcWQAAXUL9-768x432.jpeg 768w, https:\/\/ciekawy.blog\/wp-content\/uploads\/2024\/06\/GMKmULcWQAAXUL9-1536x864.jpeg 1536w, https:\/\/ciekawy.blog\/wp-content\/uploads\/2024\/06\/GMKmULcWQAAXUL9-2048x1152.jpeg 2048w, https:\/\/ciekawy.blog\/wp-content\/uploads\/2024\/06\/GMKmULcWQAAXUL9-100x56.jpeg 100w, https:\/\/ciekawy.blog\/wp-content\/uploads\/2024\/06\/GMKmULcWQAAXUL9-700x394.jpeg 700w, https:\/\/ciekawy.blog\/wp-content\/uploads\/2024\/06\/GMKmULcWQAAXUL9-1600x900.jpeg 1600w\" data-sizes=\"auto, (max-width: 1024px) 100vw, 1024px\" \/><\/a><\/figure>\n\n\n\n<p>&#8230;i problemy, nazwijmy to tak, spo\u0142eczne.<\/p>\n\n\n\n<figure class=\"wp-block-image size-large\"><a href=\"https:\/\/ciekawy.blog\/wp-content\/uploads\/2024\/06\/GMKmURrXIAAp-K5-scaled.jpeg\"><img loading=\"lazy\" decoding=\"async\" width=\"1024\" height=\"576\" src=\"https:\/\/ciekawy.blog\/wp-content\/themes\/breek\/assets\/images\/transparent.gif\" data-lazy=\"true\" data-src=\"https:\/\/ciekawy.blog\/wp-content\/uploads\/2024\/06\/GMKmURrXIAAp-K5-1024x576.jpeg\" alt=\"Osiedla z PRL problemy spo\u0142eczne\" class=\"wp-image-490\" data-srcset=\"https:\/\/ciekawy.blog\/wp-content\/uploads\/2024\/06\/GMKmURrXIAAp-K5-1024x576.jpeg 1024w, https:\/\/ciekawy.blog\/wp-content\/uploads\/2024\/06\/GMKmURrXIAAp-K5-300x169.jpeg 300w, https:\/\/ciekawy.blog\/wp-content\/uploads\/2024\/06\/GMKmURrXIAAp-K5-768x432.jpeg 768w, https:\/\/ciekawy.blog\/wp-content\/uploads\/2024\/06\/GMKmURrXIAAp-K5-1536x864.jpeg 1536w, https:\/\/ciekawy.blog\/wp-content\/uploads\/2024\/06\/GMKmURrXIAAp-K5-2048x1152.jpeg 2048w, https:\/\/ciekawy.blog\/wp-content\/uploads\/2024\/06\/GMKmURrXIAAp-K5-100x56.jpeg 100w, https:\/\/ciekawy.blog\/wp-content\/uploads\/2024\/06\/GMKmURrXIAAp-K5-700x394.jpeg 700w, https:\/\/ciekawy.blog\/wp-content\/uploads\/2024\/06\/GMKmURrXIAAp-K5-1600x900.jpeg 1600w\" data-sizes=\"auto, (max-width: 1024px) 100vw, 1024px\" \/><\/a><\/figure>\n\n\n\n<p>Nie dziwi\u0119 si\u0119 wi\u0119c ani troch\u0119 tym, kt\u00f3rzy wol\u0105 bloki postawione cia\u015bniej, ale nowe. I s\u0105 gotowi zaakceptowa\u0107 mniej drzew i gorsz\u0105 infrastruktur\u0119 spo\u0142eczn\u0105. Kwestia gustu i potrzeb, a o tych si\u0119 przecie\u017c nie dyskutuje. Opr\u00f3cz tego ceny s\u0105 jakie s\u0105 i oferta te\u017c jest jaka jest. Mieszka\u0107 gdzie\u015b trzeba, wi\u0119c nie ma miejsca na zbytnie wybrzydzanie.<\/p>\n\n\n\n<p>Ale wydaje mi si\u0119 te\u017c, \u017ce nieco zapomnieli\u015bmy o tym, co powinno by\u0107 &#8222;minimum&#8221; potrzebnym do dobrego \u017cycia w mie\u015bcie. I przypomnienie, co uwa\u017cali w tym temacie PRL-owscy plani\u015bci, ca\u0142kiem nie\u017ale pokazuje, jak ma\u0142o oczekiwa\u0107 nauczono nas w ostatnich latach. A przecie\u017c nie by\u0142o tak zawsze i mo\u017cna chcie\u0107 wi\u0119cej.<\/p>\n\n\n\n<p>Mo\u017cna na przyk\u0142ad chcie\u0107, by na osiedlu by\u0142a szko\u0142a. \u2014 Kiedy pierwszy raz przyjecha\u0142em na miejsce, gdzie mia\u0142o sta\u0107 osiedle, to tam jeszcze ros\u0142a sa\u0142ata. Mia\u0142em normatyw i musia\u0142em go zachowa\u0107. On si\u0119 odnosi\u0142 do ca\u0142o\u015bci. Przewidywa\u0142 nie tylko liczb\u0119 mieszka\u0144, ale te\u017c szk\u00f3\u0142, przedszkoli, \u017c\u0142obek. To wszystko by\u0142o w\u00f3wczas okre\u015blone w stosunku do liczby mieszka\u0144c\u00f3w \u2014 opowiada\u0142 Bie\u0144 o projektowaniu osiedla Widok.<\/p>\n\n\n\n<ul class=\"wp-block-list\">\n<li><strong>Czytaj tak\u017ce: <a href=\"https:\/\/krowoderska.pl\/wspaniale-osiedle-widok\/\" target=\"_blank\" rel=\"noreferrer noopener\">Krzysztof Bie\u0144 o wzorowym osiedlu PRL<\/a><\/strong><\/li>\n<\/ul>\n","protected":false},"excerpt":{"rendered":"<p>Przez Internet przechodzi jedna dyskusja o tzw. patodeweloperce za drug\u0105. Ludzie zastanawiaj\u0105 si\u0119, co ni\u0105 jest, a co nie. Nie uwa\u017cam, by trzeba by\u0142o to&#8230;<\/p>\n","protected":false},"author":2,"featured_media":462,"comment_status":"closed","ping_status":"closed","sticky":false,"template":"","format":"standard","meta":{"footnotes":""},"categories":[14],"tags":[45,43,44],"class_list":["post-459","post","type-post","status-publish","format-standard","has-post-thumbnail","hentry","category-spoleczenstwo","tag-architektura","tag-historia","tag-polska"],"acf":[],"yoast_head":"<!-- This site is optimized with the Yoast SEO plugin v22.9 - https:\/\/yoast.com\/wordpress\/plugins\/seo\/ -->\n<title>Osiedla z PRL kontra patodeweloperka. Pod tym wzgl\u0119dem wygrywaj\u0105 - ciekawy.blog<\/title>\n<meta name=\"description\" content=\"Osiedla z PRL? Lepsze czy gorsze ni\u017c nowe? Zale\u017cy, co jest dla ciebie wa\u017cne. Tego nowe osiedla nie maj\u0105. Zobacz zdj\u0119cia.\" \/>\n<meta name=\"robots\" content=\"index, follow, max-snippet:-1, max-image-preview:large, max-video-preview:-1\" \/>\n<link rel=\"canonical\" href=\"https:\/\/ciekawy.blog\/index.php\/2024\/06\/27\/osiedla-z-prl-kontra-patodeweloperka-to-uwazano-za-niezbedne\/\" \/>\n<meta property=\"og:locale\" content=\"pl_PL\" \/>\n<meta property=\"og:type\" content=\"article\" \/>\n<meta property=\"og:title\" content=\"Osiedla z PRL kontra patodeweloperka. Pod tym wzgl\u0119dem wygrywaj\u0105 - ciekawy.blog\" \/>\n<meta property=\"og:description\" content=\"Osiedla z PRL? Lepsze czy gorsze ni\u017c nowe? Zale\u017cy, co jest dla ciebie wa\u017cne. Tego nowe osiedla nie maj\u0105. Zobacz zdj\u0119cia.\" \/>\n<meta property=\"og:url\" content=\"https:\/\/ciekawy.blog\/index.php\/2024\/06\/27\/osiedla-z-prl-kontra-patodeweloperka-to-uwazano-za-niezbedne\/\" \/>\n<meta property=\"og:site_name\" content=\"ciekawy.blog\" \/>\n<meta property=\"article:publisher\" content=\"https:\/\/www.facebook.com\/ciekawyblog\" \/>\n<meta property=\"article:published_time\" content=\"2024-06-27T16:11:09+00:00\" \/>\n<meta property=\"article:modified_time\" content=\"2024-06-27T20:05:14+00:00\" \/>\n<meta property=\"og:image\" content=\"https:\/\/ciekawy.blog\/wp-content\/uploads\/2024\/06\/GMKfJQdWUAA09qH-scaled.jpeg\" \/>\n\t<meta property=\"og:image:width\" content=\"2560\" \/>\n\t<meta property=\"og:image:height\" content=\"1440\" \/>\n\t<meta property=\"og:image:type\" content=\"image\/jpeg\" \/>\n<meta name=\"author\" content=\"Tomasz Borejza\" \/>\n<meta name=\"twitter:card\" content=\"summary_large_image\" \/>\n<meta name=\"twitter:creator\" content=\"@https:\/\/twitter.com\/TomaszBorejza\" \/>\n<meta name=\"twitter:site\" content=\"@TomaszBorejza\" \/>\n<meta name=\"twitter:label1\" content=\"Napisane przez\" \/>\n\t<meta name=\"twitter:data1\" content=\"Tomasz Borejza\" \/>\n\t<meta name=\"twitter:label2\" content=\"Szacowany czas czytania\" \/>\n\t<meta name=\"twitter:data2\" content=\"12 minut\" \/>\n<script type=\"application\/ld+json\" class=\"yoast-schema-graph\">{\"@context\":\"https:\/\/schema.org\",\"@graph\":[{\"@type\":\"Article\",\"@id\":\"https:\/\/ciekawy.blog\/index.php\/2024\/06\/27\/osiedla-z-prl-kontra-patodeweloperka-to-uwazano-za-niezbedne\/#article\",\"isPartOf\":{\"@id\":\"https:\/\/ciekawy.blog\/index.php\/2024\/06\/27\/osiedla-z-prl-kontra-patodeweloperka-to-uwazano-za-niezbedne\/\"},\"author\":{\"name\":\"Tomasz Borejza\",\"@id\":\"https:\/\/ciekawy.blog\/#\/schema\/person\/b551c82e926e19708bc39c501aed74ab\"},\"headline\":\"Osiedla z PRL kontra patodeweloperka. Pod tym wzgl\u0119dem wygrywaj\u0105\",\"datePublished\":\"2024-06-27T16:11:09+00:00\",\"dateModified\":\"2024-06-27T20:05:14+00:00\",\"mainEntityOfPage\":{\"@id\":\"https:\/\/ciekawy.blog\/index.php\/2024\/06\/27\/osiedla-z-prl-kontra-patodeweloperka-to-uwazano-za-niezbedne\/\"},\"wordCount\":1105,\"publisher\":{\"@id\":\"https:\/\/ciekawy.blog\/#organization\"},\"image\":{\"@id\":\"https:\/\/ciekawy.blog\/index.php\/2024\/06\/27\/osiedla-z-prl-kontra-patodeweloperka-to-uwazano-za-niezbedne\/#primaryimage\"},\"thumbnailUrl\":\"https:\/\/ciekawy.blog\/wp-content\/uploads\/2024\/06\/GMKfJQdWUAA09qH-scaled.jpeg\",\"keywords\":[\"architektura\",\"historia\",\"polska\"],\"articleSection\":[\"Spo\u0142ecze\u0144stwo\"],\"inLanguage\":\"pl-PL\"},{\"@type\":\"WebPage\",\"@id\":\"https:\/\/ciekawy.blog\/index.php\/2024\/06\/27\/osiedla-z-prl-kontra-patodeweloperka-to-uwazano-za-niezbedne\/\",\"url\":\"https:\/\/ciekawy.blog\/index.php\/2024\/06\/27\/osiedla-z-prl-kontra-patodeweloperka-to-uwazano-za-niezbedne\/\",\"name\":\"Osiedla z PRL kontra patodeweloperka. Pod tym wzgl\u0119dem wygrywaj\u0105 - ciekawy.blog\",\"isPartOf\":{\"@id\":\"https:\/\/ciekawy.blog\/#website\"},\"primaryImageOfPage\":{\"@id\":\"https:\/\/ciekawy.blog\/index.php\/2024\/06\/27\/osiedla-z-prl-kontra-patodeweloperka-to-uwazano-za-niezbedne\/#primaryimage\"},\"image\":{\"@id\":\"https:\/\/ciekawy.blog\/index.php\/2024\/06\/27\/osiedla-z-prl-kontra-patodeweloperka-to-uwazano-za-niezbedne\/#primaryimage\"},\"thumbnailUrl\":\"https:\/\/ciekawy.blog\/wp-content\/uploads\/2024\/06\/GMKfJQdWUAA09qH-scaled.jpeg\",\"datePublished\":\"2024-06-27T16:11:09+00:00\",\"dateModified\":\"2024-06-27T20:05:14+00:00\",\"description\":\"Osiedla z PRL? Lepsze czy gorsze ni\u017c nowe? Zale\u017cy, co jest dla ciebie wa\u017cne. Tego nowe osiedla nie maj\u0105. Zobacz zdj\u0119cia.\",\"breadcrumb\":{\"@id\":\"https:\/\/ciekawy.blog\/index.php\/2024\/06\/27\/osiedla-z-prl-kontra-patodeweloperka-to-uwazano-za-niezbedne\/#breadcrumb\"},\"inLanguage\":\"pl-PL\",\"potentialAction\":[{\"@type\":\"ReadAction\",\"target\":[\"https:\/\/ciekawy.blog\/index.php\/2024\/06\/27\/osiedla-z-prl-kontra-patodeweloperka-to-uwazano-za-niezbedne\/\"]}]},{\"@type\":\"ImageObject\",\"inLanguage\":\"pl-PL\",\"@id\":\"https:\/\/ciekawy.blog\/index.php\/2024\/06\/27\/osiedla-z-prl-kontra-patodeweloperka-to-uwazano-za-niezbedne\/#primaryimage\",\"url\":\"https:\/\/ciekawy.blog\/wp-content\/uploads\/2024\/06\/GMKfJQdWUAA09qH-scaled.jpeg\",\"contentUrl\":\"https:\/\/ciekawy.blog\/wp-content\/uploads\/2024\/06\/GMKfJQdWUAA09qH-scaled.jpeg\",\"width\":2560,\"height\":1440,\"caption\":\"Osiedle Widok w Krakowie\"},{\"@type\":\"BreadcrumbList\",\"@id\":\"https:\/\/ciekawy.blog\/index.php\/2024\/06\/27\/osiedla-z-prl-kontra-patodeweloperka-to-uwazano-za-niezbedne\/#breadcrumb\",\"itemListElement\":[{\"@type\":\"ListItem\",\"position\":1,\"name\":\"Home\",\"item\":\"https:\/\/ciekawy.blog\/\"},{\"@type\":\"ListItem\",\"position\":2,\"name\":\"Osiedla z PRL kontra patodeweloperka. Pod tym wzgl\u0119dem wygrywaj\u0105\"}]},{\"@type\":\"WebSite\",\"@id\":\"https:\/\/ciekawy.blog\/#website\",\"url\":\"https:\/\/ciekawy.blog\/\",\"name\":\"ciekawy.blog\",\"description\":\"Czytam dla was ciekawe ksi\u0105\u017cki\",\"publisher\":{\"@id\":\"https:\/\/ciekawy.blog\/#organization\"},\"potentialAction\":[{\"@type\":\"SearchAction\",\"target\":{\"@type\":\"EntryPoint\",\"urlTemplate\":\"https:\/\/ciekawy.blog\/?s={search_term_string}\"},\"query-input\":\"required name=search_term_string\"}],\"inLanguage\":\"pl-PL\"},{\"@type\":\"Organization\",\"@id\":\"https:\/\/ciekawy.blog\/#organization\",\"name\":\"ciekawy.blog\",\"url\":\"https:\/\/ciekawy.blog\/\",\"logo\":{\"@type\":\"ImageObject\",\"inLanguage\":\"pl-PL\",\"@id\":\"https:\/\/ciekawy.blog\/#\/schema\/logo\/image\/\",\"url\":\"https:\/\/ciekawy.blog\/wp-content\/uploads\/2024\/02\/Original-Logo.png\",\"contentUrl\":\"https:\/\/ciekawy.blog\/wp-content\/uploads\/2024\/02\/Original-Logo.png\",\"width\":1996,\"height\":1721,\"caption\":\"ciekawy.blog\"},\"image\":{\"@id\":\"https:\/\/ciekawy.blog\/#\/schema\/logo\/image\/\"},\"sameAs\":[\"https:\/\/www.facebook.com\/ciekawyblog\",\"https:\/\/x.com\/TomaszBorejza\"]},{\"@type\":\"Person\",\"@id\":\"https:\/\/ciekawy.blog\/#\/schema\/person\/b551c82e926e19708bc39c501aed74ab\",\"name\":\"Tomasz Borejza\",\"image\":{\"@type\":\"ImageObject\",\"inLanguage\":\"pl-PL\",\"@id\":\"https:\/\/ciekawy.blog\/#\/schema\/person\/image\/\",\"url\":\"https:\/\/secure.gravatar.com\/avatar\/82936aaa6e54e17cd81fbb4840fe137581fd98dfcfb5c6302c3e9c74f9d61941?s=96&d=mm&r=g\",\"contentUrl\":\"https:\/\/secure.gravatar.com\/avatar\/82936aaa6e54e17cd81fbb4840fe137581fd98dfcfb5c6302c3e9c74f9d61941?s=96&d=mm&r=g\",\"caption\":\"Tomasz Borejza\"},\"description\":\"Dziennikarz naukowy. Wsp\u00f3\u0142autor kana\u0142u \\\"Rynek Krowoderski\\\". Cz\u0142onek European Federation For Science Journalism. Autor ksi\u0105\u017cki \u201eOdwo\u0142a\u0107 katastrof\u0119\u201d.\",\"sameAs\":[\"https:\/\/ciekawy.blog\",\"https:\/\/x.com\/https:\/\/twitter.com\/TomaszBorejza\"],\"url\":\"https:\/\/ciekawy.blog\/index.php\/author\/tomasz-borejza\/\"}]}<\/script>\n<!-- \/ Yoast SEO plugin. -->","yoast_head_json":{"title":"Osiedla z PRL kontra patodeweloperka. Pod tym wzgl\u0119dem wygrywaj\u0105 - ciekawy.blog","description":"Osiedla z PRL? Lepsze czy gorsze ni\u017c nowe? Zale\u017cy, co jest dla ciebie wa\u017cne. Tego nowe osiedla nie maj\u0105. Zobacz zdj\u0119cia.","robots":{"index":"index","follow":"follow","max-snippet":"max-snippet:-1","max-image-preview":"max-image-preview:large","max-video-preview":"max-video-preview:-1"},"canonical":"https:\/\/ciekawy.blog\/index.php\/2024\/06\/27\/osiedla-z-prl-kontra-patodeweloperka-to-uwazano-za-niezbedne\/","og_locale":"pl_PL","og_type":"article","og_title":"Osiedla z PRL kontra patodeweloperka. Pod tym wzgl\u0119dem wygrywaj\u0105 - ciekawy.blog","og_description":"Osiedla z PRL? Lepsze czy gorsze ni\u017c nowe? Zale\u017cy, co jest dla ciebie wa\u017cne. Tego nowe osiedla nie maj\u0105. Zobacz zdj\u0119cia.","og_url":"https:\/\/ciekawy.blog\/index.php\/2024\/06\/27\/osiedla-z-prl-kontra-patodeweloperka-to-uwazano-za-niezbedne\/","og_site_name":"ciekawy.blog","article_publisher":"https:\/\/www.facebook.com\/ciekawyblog","article_published_time":"2024-06-27T16:11:09+00:00","article_modified_time":"2024-06-27T20:05:14+00:00","og_image":[{"width":2560,"height":1440,"url":"https:\/\/ciekawy.blog\/wp-content\/uploads\/2024\/06\/GMKfJQdWUAA09qH-scaled.jpeg","type":"image\/jpeg"}],"author":"Tomasz Borejza","twitter_card":"summary_large_image","twitter_creator":"@https:\/\/twitter.com\/TomaszBorejza","twitter_site":"@TomaszBorejza","twitter_misc":{"Napisane przez":"Tomasz Borejza","Szacowany czas czytania":"12 minut"},"schema":{"@context":"https:\/\/schema.org","@graph":[{"@type":"Article","@id":"https:\/\/ciekawy.blog\/index.php\/2024\/06\/27\/osiedla-z-prl-kontra-patodeweloperka-to-uwazano-za-niezbedne\/#article","isPartOf":{"@id":"https:\/\/ciekawy.blog\/index.php\/2024\/06\/27\/osiedla-z-prl-kontra-patodeweloperka-to-uwazano-za-niezbedne\/"},"author":{"name":"Tomasz Borejza","@id":"https:\/\/ciekawy.blog\/#\/schema\/person\/b551c82e926e19708bc39c501aed74ab"},"headline":"Osiedla z PRL kontra patodeweloperka. Pod tym wzgl\u0119dem wygrywaj\u0105","datePublished":"2024-06-27T16:11:09+00:00","dateModified":"2024-06-27T20:05:14+00:00","mainEntityOfPage":{"@id":"https:\/\/ciekawy.blog\/index.php\/2024\/06\/27\/osiedla-z-prl-kontra-patodeweloperka-to-uwazano-za-niezbedne\/"},"wordCount":1105,"publisher":{"@id":"https:\/\/ciekawy.blog\/#organization"},"image":{"@id":"https:\/\/ciekawy.blog\/index.php\/2024\/06\/27\/osiedla-z-prl-kontra-patodeweloperka-to-uwazano-za-niezbedne\/#primaryimage"},"thumbnailUrl":"https:\/\/ciekawy.blog\/wp-content\/uploads\/2024\/06\/GMKfJQdWUAA09qH-scaled.jpeg","keywords":["architektura","historia","polska"],"articleSection":["Spo\u0142ecze\u0144stwo"],"inLanguage":"pl-PL"},{"@type":"WebPage","@id":"https:\/\/ciekawy.blog\/index.php\/2024\/06\/27\/osiedla-z-prl-kontra-patodeweloperka-to-uwazano-za-niezbedne\/","url":"https:\/\/ciekawy.blog\/index.php\/2024\/06\/27\/osiedla-z-prl-kontra-patodeweloperka-to-uwazano-za-niezbedne\/","name":"Osiedla z PRL kontra patodeweloperka. Pod tym wzgl\u0119dem wygrywaj\u0105 - ciekawy.blog","isPartOf":{"@id":"https:\/\/ciekawy.blog\/#website"},"primaryImageOfPage":{"@id":"https:\/\/ciekawy.blog\/index.php\/2024\/06\/27\/osiedla-z-prl-kontra-patodeweloperka-to-uwazano-za-niezbedne\/#primaryimage"},"image":{"@id":"https:\/\/ciekawy.blog\/index.php\/2024\/06\/27\/osiedla-z-prl-kontra-patodeweloperka-to-uwazano-za-niezbedne\/#primaryimage"},"thumbnailUrl":"https:\/\/ciekawy.blog\/wp-content\/uploads\/2024\/06\/GMKfJQdWUAA09qH-scaled.jpeg","datePublished":"2024-06-27T16:11:09+00:00","dateModified":"2024-06-27T20:05:14+00:00","description":"Osiedla z PRL? Lepsze czy gorsze ni\u017c nowe? Zale\u017cy, co jest dla ciebie wa\u017cne. Tego nowe osiedla nie maj\u0105. Zobacz zdj\u0119cia.","breadcrumb":{"@id":"https:\/\/ciekawy.blog\/index.php\/2024\/06\/27\/osiedla-z-prl-kontra-patodeweloperka-to-uwazano-za-niezbedne\/#breadcrumb"},"inLanguage":"pl-PL","potentialAction":[{"@type":"ReadAction","target":["https:\/\/ciekawy.blog\/index.php\/2024\/06\/27\/osiedla-z-prl-kontra-patodeweloperka-to-uwazano-za-niezbedne\/"]}]},{"@type":"ImageObject","inLanguage":"pl-PL","@id":"https:\/\/ciekawy.blog\/index.php\/2024\/06\/27\/osiedla-z-prl-kontra-patodeweloperka-to-uwazano-za-niezbedne\/#primaryimage","url":"https:\/\/ciekawy.blog\/wp-content\/uploads\/2024\/06\/GMKfJQdWUAA09qH-scaled.jpeg","contentUrl":"https:\/\/ciekawy.blog\/wp-content\/uploads\/2024\/06\/GMKfJQdWUAA09qH-scaled.jpeg","width":2560,"height":1440,"caption":"Osiedle Widok w Krakowie"},{"@type":"BreadcrumbList","@id":"https:\/\/ciekawy.blog\/index.php\/2024\/06\/27\/osiedla-z-prl-kontra-patodeweloperka-to-uwazano-za-niezbedne\/#breadcrumb","itemListElement":[{"@type":"ListItem","position":1,"name":"Home","item":"https:\/\/ciekawy.blog\/"},{"@type":"ListItem","position":2,"name":"Osiedla z PRL kontra patodeweloperka. Pod tym wzgl\u0119dem wygrywaj\u0105"}]},{"@type":"WebSite","@id":"https:\/\/ciekawy.blog\/#website","url":"https:\/\/ciekawy.blog\/","name":"ciekawy.blog","description":"Czytam dla was ciekawe ksi\u0105\u017cki","publisher":{"@id":"https:\/\/ciekawy.blog\/#organization"},"potentialAction":[{"@type":"SearchAction","target":{"@type":"EntryPoint","urlTemplate":"https:\/\/ciekawy.blog\/?s={search_term_string}"},"query-input":"required name=search_term_string"}],"inLanguage":"pl-PL"},{"@type":"Organization","@id":"https:\/\/ciekawy.blog\/#organization","name":"ciekawy.blog","url":"https:\/\/ciekawy.blog\/","logo":{"@type":"ImageObject","inLanguage":"pl-PL","@id":"https:\/\/ciekawy.blog\/#\/schema\/logo\/image\/","url":"https:\/\/ciekawy.blog\/wp-content\/uploads\/2024\/02\/Original-Logo.png","contentUrl":"https:\/\/ciekawy.blog\/wp-content\/uploads\/2024\/02\/Original-Logo.png","width":1996,"height":1721,"caption":"ciekawy.blog"},"image":{"@id":"https:\/\/ciekawy.blog\/#\/schema\/logo\/image\/"},"sameAs":["https:\/\/www.facebook.com\/ciekawyblog","https:\/\/x.com\/TomaszBorejza"]},{"@type":"Person","@id":"https:\/\/ciekawy.blog\/#\/schema\/person\/b551c82e926e19708bc39c501aed74ab","name":"Tomasz Borejza","image":{"@type":"ImageObject","inLanguage":"pl-PL","@id":"https:\/\/ciekawy.blog\/#\/schema\/person\/image\/","url":"https:\/\/secure.gravatar.com\/avatar\/82936aaa6e54e17cd81fbb4840fe137581fd98dfcfb5c6302c3e9c74f9d61941?s=96&d=mm&r=g","contentUrl":"https:\/\/secure.gravatar.com\/avatar\/82936aaa6e54e17cd81fbb4840fe137581fd98dfcfb5c6302c3e9c74f9d61941?s=96&d=mm&r=g","caption":"Tomasz Borejza"},"description":"Dziennikarz naukowy. Wsp\u00f3\u0142autor kana\u0142u \"Rynek Krowoderski\". Cz\u0142onek European Federation For Science Journalism. Autor ksi\u0105\u017cki \u201eOdwo\u0142a\u0107 katastrof\u0119\u201d.","sameAs":["https:\/\/ciekawy.blog","https:\/\/x.com\/https:\/\/twitter.com\/TomaszBorejza"],"url":"https:\/\/ciekawy.blog\/index.php\/author\/tomasz-borejza\/"}]}},"amp_enabled":true,"_links":{"self":[{"href":"https:\/\/ciekawy.blog\/index.php\/wp-json\/wp\/v2\/posts\/459","targetHints":{"allow":["GET"]}}],"collection":[{"href":"https:\/\/ciekawy.blog\/index.php\/wp-json\/wp\/v2\/posts"}],"about":[{"href":"https:\/\/ciekawy.blog\/index.php\/wp-json\/wp\/v2\/types\/post"}],"author":[{"embeddable":true,"href":"https:\/\/ciekawy.blog\/index.php\/wp-json\/wp\/v2\/users\/2"}],"replies":[{"embeddable":true,"href":"https:\/\/ciekawy.blog\/index.php\/wp-json\/wp\/v2\/comments?post=459"}],"version-history":[{"count":5,"href":"https:\/\/ciekawy.blog\/index.php\/wp-json\/wp\/v2\/posts\/459\/revisions"}],"predecessor-version":[{"id":497,"href":"https:\/\/ciekawy.blog\/index.php\/wp-json\/wp\/v2\/posts\/459\/revisions\/497"}],"wp:featuredmedia":[{"embeddable":true,"href":"https:\/\/ciekawy.blog\/index.php\/wp-json\/wp\/v2\/media\/462"}],"wp:attachment":[{"href":"https:\/\/ciekawy.blog\/index.php\/wp-json\/wp\/v2\/media?parent=459"}],"wp:term":[{"taxonomy":"category","embeddable":true,"href":"https:\/\/ciekawy.blog\/index.php\/wp-json\/wp\/v2\/categories?post=459"},{"taxonomy":"post_tag","embeddable":true,"href":"https:\/\/ciekawy.blog\/index.php\/wp-json\/wp\/v2\/tags?post=459"}],"curies":[{"name":"wp","href":"https:\/\/api.w.org\/{rel}","templated":true}]}}