{"id":452,"date":"2024-05-08T10:44:04","date_gmt":"2024-05-08T10:44:04","guid":{"rendered":"https:\/\/ciekawy.blog\/?p=452"},"modified":"2024-05-08T10:44:05","modified_gmt":"2024-05-08T10:44:05","slug":"elektrownia-jadrowa-w-30-lat-francuzi-postawili-trzy-w-szesc","status":"publish","type":"post","link":"https:\/\/ciekawy.blog\/index.php\/2024\/05\/08\/elektrownia-jadrowa-w-30-lat-francuzi-postawili-trzy-w-szesc\/","title":{"rendered":"Elektrownia j\u0105drowa w 30 lat? Francuzi postawili trzy w sze\u015b\u0107!"},"content":{"rendered":"\n<p><strong>Polski projekt j\u0105drowy zalicza kolejne op\u00f3\u017anienie. Tym razem uruchomienie pierwszej elektrowni jest zapowiadane na 2040 rok (wcze\u015bniej m\u00f3wiono o 2033 roku). To oznacza, \u017ce mo\u017cemy si\u0119 go doczeka\u0107 po 16 latach od\u2026 og\u0142oszenia op\u00f3\u017anienia. I 30 od powstania sp\u00f3\u0142ki, kt\u00f3ra mia\u0142a zajmowa\u0107 si\u0119 tym projektem. Francuzi, kiedy przycisn\u0119\u0142a ich potrzeba, pierwsze trzy elektrownie z tzw. Planu Messmera zbudowali w zaledwie sze\u015b\u0107 lat.<\/strong> <\/p>\n\n\n\n<!--more-->\n\n\n\n<p>Jak \u0142atwo policzy\u0107 zaj\u0119\u0142o im to mniej, ni\u017c wynosi og\u0142oszone u nas w\u0142a\u015bnie, jedno op\u00f3\u017anienie.  <\/p>\n\n\n\n<p>Czym by\u0142 Plan Messmera i dlaczego Francuzom tak bardzo si\u0119 z nim spieszy\u0142o?<\/p>\n\n\n\n<h2 class=\"wp-block-heading\"><strong>\u201eNie mamy ropy, ale mamy idee\u201d<\/strong><\/h2>\n\n\n\n<p>W 1973 roku po kolejnej wojnie na Bliskim Wschodzie kraje wydobywaj\u0105ce rop\u0119 naftow\u0105 postanowi\u0142y u\u017cy\u0107 tego surowca jako broni. Z dnia na dzie\u0144 drastycznie zmniejszy\u0142y wydobycie, by podnie\u015b\u0107 ceny na \u015bwiatowych rynkach. To wywo\u0142a\u0142o wielki kryzys energetyczny, kt\u00f3re szczeg\u00f3lnie mocno uderzy\u0142 we Francuz\u00f3w. A to dlatego, \u017ce ich energetyka by\u0142a w\u00f3wczas w du\u017cym stopniu oparta o elektrownie spalaj\u0105ce rop\u0119 naftow\u0105.<\/p>\n\n\n\n<p>Rz\u0105d kierowany przez Pierre\u2019a Messmera postanowi\u0142 dzia\u0142a\u0107 zdecydowanie. Ludziom powiedziano, \u017ce Francja wprawdzie nie ma ropy, ale ma za to wielkie idee i dzi\u0119ki temu problem zostanie za\u017cegnany. Wielk\u0105 ide\u0105 by\u0142o w tym wypadku bardzo szybkie przestawienie produkcji energii z paliw kopalnych na atom. Projekt, kt\u00f3ry og\u0142oszono ju\u017c w marcu 1974 roku, od nazwiska premiera zyska\u0142 nazw\u0119 Planu Messmera i by\u0142 niesamowicie ambitny. Zak\u0142ada\u0142, \u017ce w 1985 roku w kraju b\u0119dzie dzia\u0142a\u0107 85 elektrowni j\u0105drowych. Do 2000 roku mia\u0142o ich by\u0107 niemal 200. O poziomie ambicji du\u017co m\u00f3wi to, \u017ce szybko okaza\u0142o si\u0119, i\u017c nie ma potrzeby realizowania go w ca\u0142o\u015bci. \u201eDowiezienie\u201d cz\u0119\u015bci rozwi\u0105za\u0142o problem.<\/p>\n\n\n\n<p>W kontek\u015bcie polskich zapowiedzi najciekawszy jest jednak jego pocz\u0105tek. Plan og\u0142oszono w odpowiedzi na dotkliwy kryzys, kt\u00f3ry wywiera\u0142 bardzo z\u0142y wp\u0142yw na francusk\u0105 gospodark\u0119. Wysokie ceny energii podnosi\u0142y inflacj\u0119 oraz bezrobocie. W\u0142adzom spieszy\u0142o si\u0119 wi\u0119c z jego za\u017cegnaniem. I przynios\u0142o to efekty. Pierwsze trzy elektrownie w Tricastin, Graveline i Dampierre zacz\u0119to budowa\u0107 jeszcze w tym samym roku. Odebrano je zaledwie sze\u015b\u0107 lat p\u00f3\u017aniej \u2013 w 1980. Do 1990 roku we Francji dzia\u0142a\u0142o ju\u017c 56 reaktor\u00f3w j\u0105drowych.<\/p>\n\n\n\n<p>Mo\u017cna oczywi\u015bcie argumentowa\u0107, \u017ce by\u0142y to inne czasy, a Francja to nie Polska.<\/p>\n\n\n\n<p>Rzecz jednak w tym, \u017ce Francja nie jest jedyna.<\/p>\n\n\n\n<h2 class=\"wp-block-heading\"><strong>Spektakularne problemy Hinkley Point C<\/strong><\/h2>\n\n\n\n<p>Wed\u0142ug danych Statisty przeci\u0119tny czas budowy elektrowni j\u0105drowej to w ostatnich latach od 60 do 117 miesi\u0119cy. Opracowania wskazuj\u0105, \u017ce od wkopania \u0142opaty do uruchomienia reaktora mija zwykle od sze\u015bciu do o\u015bmiu lat. S\u0105 oczywi\u015bcie wyj\u0105tki i spektakularnie z\u0142e realizacje takich projekt\u00f3w. Za przyk\u0142ad takich s\u0142u\u017cy zwykle Hinkley Point C budowany w Wielkiej Brytanii. Ten jest przytaczany w niemal ka\u017cdej dyskusji na temat op\u0142acalno\u015bci atomu.<\/p>\n\n\n\n<p>Tylko co oznacza spektakularna pora\u017cka w przypadku Hinkley Point C (poza znacz\u0105cym wzrostem bud\u017cetu, za kt\u00f3ry odpowiada\u0142a m. in. wojenna inflacja)? Budow\u0119 zapowiedziano w 2010 roku. W 2017 wbito \u0142opat\u0119. Op\u00f3\u017anienie wynosi obecnie oko\u0142o czterech lat, co i tak oznacza, \u017ce reaktor ma zacz\u0105\u0107 dzia\u0142a\u0107 w 2028 roku. 12 lat przed polsk\u0105 elektrowni\u0105 j\u0105drow\u0105, kt\u00f3rej budow\u0119 og\u0142oszono nawet nieco wcze\u015bniej ni\u017c Hinkley Point C.<\/p>\n\n\n\n<p>I to jest przytaczany wsz\u0119dzie problem spektakularnie z\u0142ego zarz\u0105dzania.<\/p>\n\n\n\n<p>Jak zatem nazwa\u0107 to, jak zarz\u0105dzamy projektem my? No w\u0142a\u015bnie. Brakuje s\u0142\u00f3w. Chyba, \u017ce po prostu nikt nie chce powiedzie\u0107, \u017ce elektrownia j\u0105drowa w Polsce nie powstanie. Politycy mog\u0105 si\u0119 ba\u0107, bo poparcie spo\u0142eczne dla niej jest du\u017ce. I czekaj\u0105 z og\u0142oszeniem tej informacji na czasy, w kt\u00f3rych takie obwieszczenie b\u0119dzie bezpieczniejsze z politycznego i wyborczego punktu widzenia.<\/p>\n\n\n\n<h2 class=\"wp-block-heading\"><strong>Realne skutki<\/strong><\/h2>\n\n\n\n<p>Op\u00f3\u017anienie ma realne skutki dla naszej gospodarki oraz\u2026 ekologii. Te pierwsze, poniewa\u017c im p\u00f3\u017aniej b\u0119dziemy mie\u0107 bezemisyjn\u0105 energetyk\u0119, tym wi\u0119cej nasze firmy b\u0119d\u0105 p\u0142aci\u0107 za emisje w ramach mechanizm\u00f3w ETS. To powoduje, \u017ce s\u0105 mniej konkurencyjne i w efekcie tracimy wszyscy. Ale ma te\u017c realne skutki dla \u015brodowiska, bo atom \u2013 cho\u0107 z r\u00f3\u017cnych powod\u00f3w \u2013 jest nielubiany przez cz\u0119\u015b\u0107 zielonych \u015brodowisk jest jednak bezemisyjnym \u017ar\u00f3d\u0142em energii i bardzo dobrze wp\u0142ywa na ochron\u0119 klimatu. Doskonale wida\u0107 to w por\u00f3wnaniu ekologicznego czempiona Europy, czyli Niemiec, kt\u00f3re z atomu zrezygnowa\u0142y. I Francji, kt\u00f3ra nic takiego nie zrobi\u0142a, a planuje nawet rozw\u00f3j tej formy energii. <\/p>\n\n\n\n<p>Efekt jest taki, \u017ce wyprodukowanie kilowatogodziny pr\u0105du w zielonych Niemczech by\u0142o w 2022 roku oko\u0142o cztery razy bardziej obci\u0105\u017caj\u0105ce dla klimatu ni\u017c zrobienie tego w atomowej Francji.<\/p>\n\n\n\n<p><sub>Fot. Elektrownia J\u0105drowa Dampierre. <a href=\"https:\/\/commons.wikimedia.org\/wiki\/User:We_El\">We El<\/a>\/Domena Publiczna.<\/sub><\/p>\n","protected":false},"excerpt":{"rendered":"<p>Polski projekt j\u0105drowy zalicza kolejne op\u00f3\u017anienie. Tym razem uruchomienie pierwszej elektrowni jest zapowiadane na 2040 rok (wcze\u015bniej m\u00f3wiono o 2033 roku). To oznacza, \u017ce mo\u017cemy&#8230;<\/p>\n","protected":false},"author":2,"featured_media":453,"comment_status":"closed","ping_status":"closed","sticky":false,"template":"","format":"standard","meta":{"footnotes":""},"categories":[18],"tags":[22,24,23],"class_list":["post-452","post","type-post","status-publish","format-standard","has-post-thumbnail","hentry","category-swiat","tag-ekologia","tag-elektrownia-jadrowa","tag-srodowiska"],"acf":[],"yoast_head":"<!-- This site is optimized with the Yoast SEO plugin v22.9 - https:\/\/yoast.com\/wordpress\/plugins\/seo\/ -->\n<title>Elektrownia j\u0105drowa w 30 lat? Francuzi postawili trzy w sze\u015b\u0107! - ciekawy.blog<\/title>\n<meta name=\"robots\" content=\"index, follow, max-snippet:-1, max-image-preview:large, max-video-preview:-1\" \/>\n<link rel=\"canonical\" href=\"https:\/\/ciekawy.blog\/index.php\/2024\/05\/08\/elektrownia-jadrowa-w-30-lat-francuzi-postawili-trzy-w-szesc\/\" \/>\n<meta property=\"og:locale\" content=\"pl_PL\" \/>\n<meta property=\"og:type\" content=\"article\" \/>\n<meta property=\"og:title\" content=\"Elektrownia j\u0105drowa w 30 lat? Francuzi postawili trzy w sze\u015b\u0107! - ciekawy.blog\" \/>\n<meta property=\"og:description\" content=\"Polski projekt j\u0105drowy zalicza kolejne op\u00f3\u017anienie. Tym razem uruchomienie pierwszej elektrowni jest zapowiadane na 2040 rok (wcze\u015bniej m\u00f3wiono o 2033 roku). To oznacza, \u017ce mo\u017cemy...\" \/>\n<meta property=\"og:url\" content=\"https:\/\/ciekawy.blog\/index.php\/2024\/05\/08\/elektrownia-jadrowa-w-30-lat-francuzi-postawili-trzy-w-szesc\/\" \/>\n<meta property=\"og:site_name\" content=\"ciekawy.blog\" \/>\n<meta property=\"article:publisher\" content=\"https:\/\/www.facebook.com\/ciekawyblog\" \/>\n<meta property=\"article:published_time\" content=\"2024-05-08T10:44:04+00:00\" \/>\n<meta property=\"article:modified_time\" content=\"2024-05-08T10:44:05+00:00\" \/>\n<meta property=\"og:image\" content=\"https:\/\/ciekawy.blog\/wp-content\/uploads\/2024\/05\/DampierreNuclearPowerPlant.jpeg\" \/>\n\t<meta property=\"og:image:width\" content=\"2272\" \/>\n\t<meta property=\"og:image:height\" content=\"1704\" \/>\n\t<meta property=\"og:image:type\" content=\"image\/jpeg\" \/>\n<meta name=\"author\" content=\"Tomasz Borejza\" \/>\n<meta name=\"twitter:card\" content=\"summary_large_image\" \/>\n<meta name=\"twitter:creator\" content=\"@https:\/\/twitter.com\/TomaszBorejza\" \/>\n<meta name=\"twitter:site\" content=\"@TomaszBorejza\" \/>\n<meta name=\"twitter:label1\" content=\"Napisane przez\" \/>\n\t<meta name=\"twitter:data1\" content=\"Tomasz Borejza\" \/>\n\t<meta name=\"twitter:label2\" content=\"Szacowany czas czytania\" \/>\n\t<meta name=\"twitter:data2\" content=\"5 minut\" \/>\n<script type=\"application\/ld+json\" class=\"yoast-schema-graph\">{\"@context\":\"https:\/\/schema.org\",\"@graph\":[{\"@type\":\"Article\",\"@id\":\"https:\/\/ciekawy.blog\/index.php\/2024\/05\/08\/elektrownia-jadrowa-w-30-lat-francuzi-postawili-trzy-w-szesc\/#article\",\"isPartOf\":{\"@id\":\"https:\/\/ciekawy.blog\/index.php\/2024\/05\/08\/elektrownia-jadrowa-w-30-lat-francuzi-postawili-trzy-w-szesc\/\"},\"author\":{\"name\":\"Tomasz Borejza\",\"@id\":\"https:\/\/ciekawy.blog\/#\/schema\/person\/b551c82e926e19708bc39c501aed74ab\"},\"headline\":\"Elektrownia j\u0105drowa w 30 lat? Francuzi postawili trzy w sze\u015b\u0107!\",\"datePublished\":\"2024-05-08T10:44:04+00:00\",\"dateModified\":\"2024-05-08T10:44:05+00:00\",\"mainEntityOfPage\":{\"@id\":\"https:\/\/ciekawy.blog\/index.php\/2024\/05\/08\/elektrownia-jadrowa-w-30-lat-francuzi-postawili-trzy-w-szesc\/\"},\"wordCount\":823,\"publisher\":{\"@id\":\"https:\/\/ciekawy.blog\/#organization\"},\"image\":{\"@id\":\"https:\/\/ciekawy.blog\/index.php\/2024\/05\/08\/elektrownia-jadrowa-w-30-lat-francuzi-postawili-trzy-w-szesc\/#primaryimage\"},\"thumbnailUrl\":\"https:\/\/ciekawy.blog\/wp-content\/uploads\/2024\/05\/DampierreNuclearPowerPlant.jpeg\",\"keywords\":[\"ekologia\",\"elektrownia j\u0105drowa\",\"\u015brodowiska\"],\"articleSection\":[\"\u015awiat\"],\"inLanguage\":\"pl-PL\"},{\"@type\":\"WebPage\",\"@id\":\"https:\/\/ciekawy.blog\/index.php\/2024\/05\/08\/elektrownia-jadrowa-w-30-lat-francuzi-postawili-trzy-w-szesc\/\",\"url\":\"https:\/\/ciekawy.blog\/index.php\/2024\/05\/08\/elektrownia-jadrowa-w-30-lat-francuzi-postawili-trzy-w-szesc\/\",\"name\":\"Elektrownia j\u0105drowa w 30 lat? Francuzi postawili trzy w sze\u015b\u0107! - ciekawy.blog\",\"isPartOf\":{\"@id\":\"https:\/\/ciekawy.blog\/#website\"},\"primaryImageOfPage\":{\"@id\":\"https:\/\/ciekawy.blog\/index.php\/2024\/05\/08\/elektrownia-jadrowa-w-30-lat-francuzi-postawili-trzy-w-szesc\/#primaryimage\"},\"image\":{\"@id\":\"https:\/\/ciekawy.blog\/index.php\/2024\/05\/08\/elektrownia-jadrowa-w-30-lat-francuzi-postawili-trzy-w-szesc\/#primaryimage\"},\"thumbnailUrl\":\"https:\/\/ciekawy.blog\/wp-content\/uploads\/2024\/05\/DampierreNuclearPowerPlant.jpeg\",\"datePublished\":\"2024-05-08T10:44:04+00:00\",\"dateModified\":\"2024-05-08T10:44:05+00:00\",\"breadcrumb\":{\"@id\":\"https:\/\/ciekawy.blog\/index.php\/2024\/05\/08\/elektrownia-jadrowa-w-30-lat-francuzi-postawili-trzy-w-szesc\/#breadcrumb\"},\"inLanguage\":\"pl-PL\",\"potentialAction\":[{\"@type\":\"ReadAction\",\"target\":[\"https:\/\/ciekawy.blog\/index.php\/2024\/05\/08\/elektrownia-jadrowa-w-30-lat-francuzi-postawili-trzy-w-szesc\/\"]}]},{\"@type\":\"ImageObject\",\"inLanguage\":\"pl-PL\",\"@id\":\"https:\/\/ciekawy.blog\/index.php\/2024\/05\/08\/elektrownia-jadrowa-w-30-lat-francuzi-postawili-trzy-w-szesc\/#primaryimage\",\"url\":\"https:\/\/ciekawy.blog\/wp-content\/uploads\/2024\/05\/DampierreNuclearPowerPlant.jpeg\",\"contentUrl\":\"https:\/\/ciekawy.blog\/wp-content\/uploads\/2024\/05\/DampierreNuclearPowerPlant.jpeg\",\"width\":2272,\"height\":1704,\"caption\":\"YAKUMO DIGITAL CAMERA\"},{\"@type\":\"BreadcrumbList\",\"@id\":\"https:\/\/ciekawy.blog\/index.php\/2024\/05\/08\/elektrownia-jadrowa-w-30-lat-francuzi-postawili-trzy-w-szesc\/#breadcrumb\",\"itemListElement\":[{\"@type\":\"ListItem\",\"position\":1,\"name\":\"Home\",\"item\":\"https:\/\/ciekawy.blog\/\"},{\"@type\":\"ListItem\",\"position\":2,\"name\":\"Elektrownia j\u0105drowa w 30 lat? Francuzi postawili trzy w sze\u015b\u0107!\"}]},{\"@type\":\"WebSite\",\"@id\":\"https:\/\/ciekawy.blog\/#website\",\"url\":\"https:\/\/ciekawy.blog\/\",\"name\":\"ciekawy.blog\",\"description\":\"Czytam dla was ciekawe ksi\u0105\u017cki\",\"publisher\":{\"@id\":\"https:\/\/ciekawy.blog\/#organization\"},\"potentialAction\":[{\"@type\":\"SearchAction\",\"target\":{\"@type\":\"EntryPoint\",\"urlTemplate\":\"https:\/\/ciekawy.blog\/?s={search_term_string}\"},\"query-input\":\"required name=search_term_string\"}],\"inLanguage\":\"pl-PL\"},{\"@type\":\"Organization\",\"@id\":\"https:\/\/ciekawy.blog\/#organization\",\"name\":\"ciekawy.blog\",\"url\":\"https:\/\/ciekawy.blog\/\",\"logo\":{\"@type\":\"ImageObject\",\"inLanguage\":\"pl-PL\",\"@id\":\"https:\/\/ciekawy.blog\/#\/schema\/logo\/image\/\",\"url\":\"https:\/\/ciekawy.blog\/wp-content\/uploads\/2024\/02\/Original-Logo.png\",\"contentUrl\":\"https:\/\/ciekawy.blog\/wp-content\/uploads\/2024\/02\/Original-Logo.png\",\"width\":1996,\"height\":1721,\"caption\":\"ciekawy.blog\"},\"image\":{\"@id\":\"https:\/\/ciekawy.blog\/#\/schema\/logo\/image\/\"},\"sameAs\":[\"https:\/\/www.facebook.com\/ciekawyblog\",\"https:\/\/x.com\/TomaszBorejza\"]},{\"@type\":\"Person\",\"@id\":\"https:\/\/ciekawy.blog\/#\/schema\/person\/b551c82e926e19708bc39c501aed74ab\",\"name\":\"Tomasz Borejza\",\"image\":{\"@type\":\"ImageObject\",\"inLanguage\":\"pl-PL\",\"@id\":\"https:\/\/ciekawy.blog\/#\/schema\/person\/image\/\",\"url\":\"https:\/\/secure.gravatar.com\/avatar\/82936aaa6e54e17cd81fbb4840fe137581fd98dfcfb5c6302c3e9c74f9d61941?s=96&d=mm&r=g\",\"contentUrl\":\"https:\/\/secure.gravatar.com\/avatar\/82936aaa6e54e17cd81fbb4840fe137581fd98dfcfb5c6302c3e9c74f9d61941?s=96&d=mm&r=g\",\"caption\":\"Tomasz Borejza\"},\"description\":\"Dziennikarz naukowy. Wsp\u00f3\u0142autor kana\u0142u \\\"Rynek Krowoderski\\\". Cz\u0142onek European Federation For Science Journalism. Autor ksi\u0105\u017cki \u201eOdwo\u0142a\u0107 katastrof\u0119\u201d.\",\"sameAs\":[\"https:\/\/ciekawy.blog\",\"https:\/\/x.com\/https:\/\/twitter.com\/TomaszBorejza\"],\"url\":\"https:\/\/ciekawy.blog\/index.php\/author\/tomasz-borejza\/\"}]}<\/script>\n<!-- \/ Yoast SEO plugin. -->","yoast_head_json":{"title":"Elektrownia j\u0105drowa w 30 lat? Francuzi postawili trzy w sze\u015b\u0107! - ciekawy.blog","robots":{"index":"index","follow":"follow","max-snippet":"max-snippet:-1","max-image-preview":"max-image-preview:large","max-video-preview":"max-video-preview:-1"},"canonical":"https:\/\/ciekawy.blog\/index.php\/2024\/05\/08\/elektrownia-jadrowa-w-30-lat-francuzi-postawili-trzy-w-szesc\/","og_locale":"pl_PL","og_type":"article","og_title":"Elektrownia j\u0105drowa w 30 lat? Francuzi postawili trzy w sze\u015b\u0107! - ciekawy.blog","og_description":"Polski projekt j\u0105drowy zalicza kolejne op\u00f3\u017anienie. Tym razem uruchomienie pierwszej elektrowni jest zapowiadane na 2040 rok (wcze\u015bniej m\u00f3wiono o 2033 roku). To oznacza, \u017ce mo\u017cemy...","og_url":"https:\/\/ciekawy.blog\/index.php\/2024\/05\/08\/elektrownia-jadrowa-w-30-lat-francuzi-postawili-trzy-w-szesc\/","og_site_name":"ciekawy.blog","article_publisher":"https:\/\/www.facebook.com\/ciekawyblog","article_published_time":"2024-05-08T10:44:04+00:00","article_modified_time":"2024-05-08T10:44:05+00:00","og_image":[{"width":2272,"height":1704,"url":"https:\/\/ciekawy.blog\/wp-content\/uploads\/2024\/05\/DampierreNuclearPowerPlant.jpeg","type":"image\/jpeg"}],"author":"Tomasz Borejza","twitter_card":"summary_large_image","twitter_creator":"@https:\/\/twitter.com\/TomaszBorejza","twitter_site":"@TomaszBorejza","twitter_misc":{"Napisane przez":"Tomasz Borejza","Szacowany czas czytania":"5 minut"},"schema":{"@context":"https:\/\/schema.org","@graph":[{"@type":"Article","@id":"https:\/\/ciekawy.blog\/index.php\/2024\/05\/08\/elektrownia-jadrowa-w-30-lat-francuzi-postawili-trzy-w-szesc\/#article","isPartOf":{"@id":"https:\/\/ciekawy.blog\/index.php\/2024\/05\/08\/elektrownia-jadrowa-w-30-lat-francuzi-postawili-trzy-w-szesc\/"},"author":{"name":"Tomasz Borejza","@id":"https:\/\/ciekawy.blog\/#\/schema\/person\/b551c82e926e19708bc39c501aed74ab"},"headline":"Elektrownia j\u0105drowa w 30 lat? Francuzi postawili trzy w sze\u015b\u0107!","datePublished":"2024-05-08T10:44:04+00:00","dateModified":"2024-05-08T10:44:05+00:00","mainEntityOfPage":{"@id":"https:\/\/ciekawy.blog\/index.php\/2024\/05\/08\/elektrownia-jadrowa-w-30-lat-francuzi-postawili-trzy-w-szesc\/"},"wordCount":823,"publisher":{"@id":"https:\/\/ciekawy.blog\/#organization"},"image":{"@id":"https:\/\/ciekawy.blog\/index.php\/2024\/05\/08\/elektrownia-jadrowa-w-30-lat-francuzi-postawili-trzy-w-szesc\/#primaryimage"},"thumbnailUrl":"https:\/\/ciekawy.blog\/wp-content\/uploads\/2024\/05\/DampierreNuclearPowerPlant.jpeg","keywords":["ekologia","elektrownia j\u0105drowa","\u015brodowiska"],"articleSection":["\u015awiat"],"inLanguage":"pl-PL"},{"@type":"WebPage","@id":"https:\/\/ciekawy.blog\/index.php\/2024\/05\/08\/elektrownia-jadrowa-w-30-lat-francuzi-postawili-trzy-w-szesc\/","url":"https:\/\/ciekawy.blog\/index.php\/2024\/05\/08\/elektrownia-jadrowa-w-30-lat-francuzi-postawili-trzy-w-szesc\/","name":"Elektrownia j\u0105drowa w 30 lat? Francuzi postawili trzy w sze\u015b\u0107! - ciekawy.blog","isPartOf":{"@id":"https:\/\/ciekawy.blog\/#website"},"primaryImageOfPage":{"@id":"https:\/\/ciekawy.blog\/index.php\/2024\/05\/08\/elektrownia-jadrowa-w-30-lat-francuzi-postawili-trzy-w-szesc\/#primaryimage"},"image":{"@id":"https:\/\/ciekawy.blog\/index.php\/2024\/05\/08\/elektrownia-jadrowa-w-30-lat-francuzi-postawili-trzy-w-szesc\/#primaryimage"},"thumbnailUrl":"https:\/\/ciekawy.blog\/wp-content\/uploads\/2024\/05\/DampierreNuclearPowerPlant.jpeg","datePublished":"2024-05-08T10:44:04+00:00","dateModified":"2024-05-08T10:44:05+00:00","breadcrumb":{"@id":"https:\/\/ciekawy.blog\/index.php\/2024\/05\/08\/elektrownia-jadrowa-w-30-lat-francuzi-postawili-trzy-w-szesc\/#breadcrumb"},"inLanguage":"pl-PL","potentialAction":[{"@type":"ReadAction","target":["https:\/\/ciekawy.blog\/index.php\/2024\/05\/08\/elektrownia-jadrowa-w-30-lat-francuzi-postawili-trzy-w-szesc\/"]}]},{"@type":"ImageObject","inLanguage":"pl-PL","@id":"https:\/\/ciekawy.blog\/index.php\/2024\/05\/08\/elektrownia-jadrowa-w-30-lat-francuzi-postawili-trzy-w-szesc\/#primaryimage","url":"https:\/\/ciekawy.blog\/wp-content\/uploads\/2024\/05\/DampierreNuclearPowerPlant.jpeg","contentUrl":"https:\/\/ciekawy.blog\/wp-content\/uploads\/2024\/05\/DampierreNuclearPowerPlant.jpeg","width":2272,"height":1704,"caption":"YAKUMO DIGITAL CAMERA"},{"@type":"BreadcrumbList","@id":"https:\/\/ciekawy.blog\/index.php\/2024\/05\/08\/elektrownia-jadrowa-w-30-lat-francuzi-postawili-trzy-w-szesc\/#breadcrumb","itemListElement":[{"@type":"ListItem","position":1,"name":"Home","item":"https:\/\/ciekawy.blog\/"},{"@type":"ListItem","position":2,"name":"Elektrownia j\u0105drowa w 30 lat? Francuzi postawili trzy w sze\u015b\u0107!"}]},{"@type":"WebSite","@id":"https:\/\/ciekawy.blog\/#website","url":"https:\/\/ciekawy.blog\/","name":"ciekawy.blog","description":"Czytam dla was ciekawe ksi\u0105\u017cki","publisher":{"@id":"https:\/\/ciekawy.blog\/#organization"},"potentialAction":[{"@type":"SearchAction","target":{"@type":"EntryPoint","urlTemplate":"https:\/\/ciekawy.blog\/?s={search_term_string}"},"query-input":"required name=search_term_string"}],"inLanguage":"pl-PL"},{"@type":"Organization","@id":"https:\/\/ciekawy.blog\/#organization","name":"ciekawy.blog","url":"https:\/\/ciekawy.blog\/","logo":{"@type":"ImageObject","inLanguage":"pl-PL","@id":"https:\/\/ciekawy.blog\/#\/schema\/logo\/image\/","url":"https:\/\/ciekawy.blog\/wp-content\/uploads\/2024\/02\/Original-Logo.png","contentUrl":"https:\/\/ciekawy.blog\/wp-content\/uploads\/2024\/02\/Original-Logo.png","width":1996,"height":1721,"caption":"ciekawy.blog"},"image":{"@id":"https:\/\/ciekawy.blog\/#\/schema\/logo\/image\/"},"sameAs":["https:\/\/www.facebook.com\/ciekawyblog","https:\/\/x.com\/TomaszBorejza"]},{"@type":"Person","@id":"https:\/\/ciekawy.blog\/#\/schema\/person\/b551c82e926e19708bc39c501aed74ab","name":"Tomasz Borejza","image":{"@type":"ImageObject","inLanguage":"pl-PL","@id":"https:\/\/ciekawy.blog\/#\/schema\/person\/image\/","url":"https:\/\/secure.gravatar.com\/avatar\/82936aaa6e54e17cd81fbb4840fe137581fd98dfcfb5c6302c3e9c74f9d61941?s=96&d=mm&r=g","contentUrl":"https:\/\/secure.gravatar.com\/avatar\/82936aaa6e54e17cd81fbb4840fe137581fd98dfcfb5c6302c3e9c74f9d61941?s=96&d=mm&r=g","caption":"Tomasz Borejza"},"description":"Dziennikarz naukowy. Wsp\u00f3\u0142autor kana\u0142u \"Rynek Krowoderski\". Cz\u0142onek European Federation For Science Journalism. Autor ksi\u0105\u017cki \u201eOdwo\u0142a\u0107 katastrof\u0119\u201d.","sameAs":["https:\/\/ciekawy.blog","https:\/\/x.com\/https:\/\/twitter.com\/TomaszBorejza"],"url":"https:\/\/ciekawy.blog\/index.php\/author\/tomasz-borejza\/"}]}},"amp_enabled":true,"_links":{"self":[{"href":"https:\/\/ciekawy.blog\/index.php\/wp-json\/wp\/v2\/posts\/452","targetHints":{"allow":["GET"]}}],"collection":[{"href":"https:\/\/ciekawy.blog\/index.php\/wp-json\/wp\/v2\/posts"}],"about":[{"href":"https:\/\/ciekawy.blog\/index.php\/wp-json\/wp\/v2\/types\/post"}],"author":[{"embeddable":true,"href":"https:\/\/ciekawy.blog\/index.php\/wp-json\/wp\/v2\/users\/2"}],"replies":[{"embeddable":true,"href":"https:\/\/ciekawy.blog\/index.php\/wp-json\/wp\/v2\/comments?post=452"}],"version-history":[{"count":1,"href":"https:\/\/ciekawy.blog\/index.php\/wp-json\/wp\/v2\/posts\/452\/revisions"}],"predecessor-version":[{"id":454,"href":"https:\/\/ciekawy.blog\/index.php\/wp-json\/wp\/v2\/posts\/452\/revisions\/454"}],"wp:featuredmedia":[{"embeddable":true,"href":"https:\/\/ciekawy.blog\/index.php\/wp-json\/wp\/v2\/media\/453"}],"wp:attachment":[{"href":"https:\/\/ciekawy.blog\/index.php\/wp-json\/wp\/v2\/media?parent=452"}],"wp:term":[{"taxonomy":"category","embeddable":true,"href":"https:\/\/ciekawy.blog\/index.php\/wp-json\/wp\/v2\/categories?post=452"},{"taxonomy":"post_tag","embeddable":true,"href":"https:\/\/ciekawy.blog\/index.php\/wp-json\/wp\/v2\/tags?post=452"}],"curies":[{"name":"wp","href":"https:\/\/api.w.org\/{rel}","templated":true}]}}